{"id":6674,"date":"2021-07-14T10:33:27","date_gmt":"2021-07-14T09:33:27","guid":{"rendered":"https:\/\/letempsmag.ma\/?p=6674"},"modified":"2021-07-14T10:33:28","modified_gmt":"2021-07-14T09:33:28","slug":"le-groupe-opticalia-deploie-au-maroc-un-business-model-proactif","status":"publish","type":"post","link":"https:\/\/letempsmag.ma\/?p=6674","title":{"rendered":"Le groupe Opticalia d\u00e9ploie au Maroc un business model proactif"},"content":{"rendered":"\n<p>Le groupe espagnol Opticalia, une des principales firmes de distribution d\u2019optiques \u00e0 l\u2019international avec plus de 1.100 magasins d\u2019optique adh\u00e9rents, propose un nouveau business model pour le march\u00e9 marocain. Implant\u00e9e dans le Royaume depuis 2020 \u00e0 travers 40 points de vente, le sp\u00e9cialiste d\u00e9ploie un business model bas\u00e9 sur l&#8217;accompagnement et le conseil de l&#8217;Association des professionnels de l&#8217;optique adh\u00e9rents d\u2019une part, mais aussi sur une forte promotion publicitaire et sur la vente de marques exclusives, d\u2019autre part.<\/p>\n\n\n\n<p>Opticalia entend accompagner les professionnels nationaux de l\u2019optique dans tous les domaines li\u00e9s \u00e0 leur m\u00e9tier, par le biais de formations commerciales destin\u00e9es \u00e0 leurs \u00e9quipes, mais aussi d\u2019informations sur les toutes derni\u00e8res nouveaut\u00e9s dans le domaine de l\u2019optom\u00e9trie ou de la contactologie. Opticalia se charge \u00e9galement d\u2019apporter des conseils en visuel marketing et en merchandising. Le groupe organise par ailleurs des webinaires auxquels prennent part des intervenants de divers horizons&nbsp;: banquiers, juristes, fiscalistes, experts-comptables&#8230; Les th\u00e9matiques trait\u00e9es dans ce cadre ont le plus souvent trait \u00e0 la gestion des points de vente.<\/p>\n\n\n\n<p>Le groupe d\u00e9ploie en outre des campagnes de communication globales au niveau des points de vente o\u00f9 son enseigne est pr\u00e9sente. La marque cr\u00e9e des contenus et des offres qui attirent les consommateurs et permettent d\u2019optimiser les ventes aupr\u00e8s des magasins adh\u00e9rents. Opticalia r\u00e9alise en effet des campagnes TV et radio plusieurs fois par an, et est tr\u00e8s actif sur les r\u00e9seaux sociaux.<\/p>\n\n\n\n<p>\u00c0 pr\u00e9ciser qu\u2019un large catalogue de lunettes (de vue et solaires) est propos\u00e9 \u00e0 la vente en exclusivit\u00e9 pour des marques comme \u00abMango\u00bb, \u00abVictorio Y Lucchino\u00bb, \u00abCusto Barcelona\u00bb, \u00abPull &amp; Bear\u00bb et \u00abTrendi\u00bb aupr\u00e8s des magasins Opticalia \u00e0 des prix extr\u00eamement comp\u00e9titifs. L\u2019offre est en permanence recentr\u00e9e autour des derni\u00e8res tendances.<\/p>\n\n\n\n<p>L\u2019enseigne est pr\u00e9sente au Portugal, en Colombie, au Mexique, en Espagne et depuis septembre 2020 au Maroc.<\/p>\n\n\n\n<p><strong>M. E.<\/strong><\/p>\n","protected":false},"excerpt":{"rendered":"<p>Le groupe espagnol Opticalia, une des principales firmes de distribution d\u2019optiques \u00e0 l\u2019international avec plus de 1.100 magasins d\u2019optique adh\u00e9rents, propose un nouveau business model pour le march\u00e9 marocain. Implant\u00e9e dans le Royaume depuis 2020 \u00e0 travers 40 points de vente, le sp\u00e9cialiste d\u00e9ploie un business model bas\u00e9 sur l&#8217;accompagnement et le conseil de l&#8217;Association &hellip;<\/p>\n","protected":false},"author":9,"featured_media":6675,"comment_status":"open","ping_status":"closed","sticky":false,"template":"","format":"standard","meta":{"footnotes":""},"categories":[308],"tags":[],"class_list":["post-6674","post","type-post","status-publish","format-standard","has-post-thumbnail","hentry","category-lunetterie"],"_links":{"self":[{"href":"https:\/\/letempsmag.ma\/index.php?rest_route=\/wp\/v2\/posts\/6674","targetHints":{"allow":["GET"]}}],"collection":[{"href":"https:\/\/letempsmag.ma\/index.php?rest_route=\/wp\/v2\/posts"}],"about":[{"href":"https:\/\/letempsmag.ma\/index.php?rest_route=\/wp\/v2\/types\/post"}],"author":[{"embeddable":true,"href":"https:\/\/letempsmag.ma\/index.php?rest_route=\/wp\/v2\/users\/9"}],"replies":[{"embeddable":true,"href":"https:\/\/letempsmag.ma\/index.php?rest_route=%2Fwp%2Fv2%2Fcomments&post=6674"}],"version-history":[{"count":1,"href":"https:\/\/letempsmag.ma\/index.php?rest_route=\/wp\/v2\/posts\/6674\/revisions"}],"predecessor-version":[{"id":6676,"href":"https:\/\/letempsmag.ma\/index.php?rest_route=\/wp\/v2\/posts\/6674\/revisions\/6676"}],"wp:featuredmedia":[{"embeddable":true,"href":"https:\/\/letempsmag.ma\/index.php?rest_route=\/wp\/v2\/media\/6675"}],"wp:attachment":[{"href":"https:\/\/letempsmag.ma\/index.php?rest_route=%2Fwp%2Fv2%2Fmedia&parent=6674"}],"wp:term":[{"taxonomy":"category","embeddable":true,"href":"https:\/\/letempsmag.ma\/index.php?rest_route=%2Fwp%2Fv2%2Fcategories&post=6674"},{"taxonomy":"post_tag","embeddable":true,"href":"https:\/\/letempsmag.ma\/index.php?rest_route=%2Fwp%2Fv2%2Ftags&post=6674"}],"curies":[{"name":"wp","href":"https:\/\/api.w.org\/{rel}","templated":true}]}}