{"id":6605,"date":"2021-07-09T10:25:33","date_gmt":"2021-07-09T09:25:33","guid":{"rendered":"https:\/\/letempsmag.ma\/?p=6605"},"modified":"2021-07-09T10:25:34","modified_gmt":"2021-07-09T09:25:34","slug":"le-maroc-elu-a-la-vice-presidence-de-lunion-internationale-des-chemins-de-fer","status":"publish","type":"post","link":"https:\/\/letempsmag.ma\/?p=6605","title":{"rendered":"Le Maroc \u00e9lu \u00e0 la vice-pr\u00e9sidence de l\u2019Union Internationale des Chemins de Fer"},"content":{"rendered":"\n<p>Le Maroc a \u00e9t\u00e9 \u00e9lu hier jeudi, en la personne du Directeur G\u00e9n\u00e9ral de l\u2019Office National des Chemins de Fer, Mohamed Rabie Khlie, \u00e0 la vice-pr\u00e9sidence de l\u2019Union Internationale des Chemins de Fer (UIC). Une distinction qui s\u2019ajoute \u00e0 sa pr\u00e9sidence de l\u2019UIC R\u00e9gion Afrique, annonce l\u2019ONCF dans un communiqu\u00e9. Cette \u00e9lection, pour un mandat allant jusqu\u2019\u00e0 fin 2023, est intervenue lors de la 98<sup>\u00e8me<\/sup> Assembl\u00e9e G\u00e9n\u00e9rale de l\u2019UIC, tenue \u00e0 distance. Elle constitue une \u00abreconnaissance du renouveau du secteur ferroviaire marocain et de son leadership arabo-africain\u00bb, indique l\u2019Office.<\/p>\n\n\n\n<p>L\u2019\u00e9lection \u00e0 l\u2019unanimit\u00e9 du Royaume, lors de cette rencontre r\u00e9unissant plus de 180 hauts responsables de r\u00e9seaux ferr\u00e9s \u00e0 travers le monde, au niveau de l\u2019instance supr\u00eame de gouvernance de cet organisme international, repr\u00e9sente une premi\u00e8re au plan arabo-africain. Elle intervient au regard du leadership du Maroc dans ce secteur, mat\u00e9rialis\u00e9 par son engagement et sa mobilisation permanents et intenses au service de la mobilit\u00e9 durable, et ce, conform\u00e9ment \u00e0 la vision \u00e9clair\u00e9e et aux orientations prospectives de S.M. le Roi Mohammed VI en la mati\u00e8re, ajoute la m\u00eame source. L\u2019ONCF cite, \u00e0 ce titre, le tournant majeur du secteur ferroviaire national \u00abayant marqu\u00e9 un r\u00e9el renouveau gr\u00e2ce aux projets structurants r\u00e9alis\u00e9s dans le cadre de la politique des grands chantiers insuffl\u00e9e par le Souverain\u00bb. Ces projets se sont notamment traduits par un saut qualitatif remarquable de la mobilit\u00e9 des voyageurs et marchandises, ainsi que par un repositionnement privil\u00e9gi\u00e9 international et continental en termes de comp\u00e9titivit\u00e9 et de qualit\u00e9 en tant que r\u00e9seau viable \u00e0 l\u2019image d\u2019un pays \u00e9mergent, souligne l\u2019ONCF.<\/p>\n\n\n\n<p>Le Royaume assure depuis 2010 la pr\u00e9sidence de la R\u00e9gion Afrique de cet organisme mondial et ses efforts dans ce sens ont conduit \u00e0 faire f\u00e9d\u00e9rer les r\u00e9seaux africains autour d\u2019un projet commun, soutenu par des actions structurantes et novatrices, rel\u00e8ve l\u2019Office, notant que le bilan est \u00e9loquent. Les actions dans ce domaine ont permis de gagner en termes de notori\u00e9t\u00e9, de reconnaissance, d\u2019implication dans les grands projets r\u00e9gionaux et continentaux ainsi qu\u2019un positionnement privil\u00e9gi\u00e9 aupr\u00e8s des institutions gouvernementales et r\u00e9gionales concern\u00e9es&nbsp;: Union Africaine, Communaut\u00e9s \u00e9conomiques r\u00e9gionales, bailleurs de fonds&#8230;<\/p>\n\n\n\n<p>Cette place de l\u2019ONCF dans les instances ferroviaires internationales et r\u00e9gionales \u00abest en droite ligne avec la politique trac\u00e9e par le Souverain en mati\u00e8re de rayonnement de notre pays dans l\u2019\u00e9chiquier mondial et de renforcement de la coop\u00e9ration Sud-Sud qui constitue l\u2019un des leviers de taille arr\u00eat\u00e9 dans le cadre du Nouveau Mod\u00e8le de D\u00e9veloppement de notre pays\u00bb, selon le communiqu\u00e9.<\/p>\n\n\n\n<p>Compos\u00e9e de plus de 200 membres regroupant l\u2019ensemble des op\u00e9rateurs et exploitants ferroviaires \u00e0 travers le monde, l\u2019UIC est l\u2019unique organe de production, de standardisation, d\u2019unification des r\u00e9f\u00e9rentiels, de d\u00e9finition des normes techniques et d\u2019exploitation optimale et s\u00e9curitaire du syst\u00e8me ferroviaire international, ainsi que de recherche et de d\u00e9veloppement en mati\u00e8re ferroviaire.<\/p>\n\n\n\n<p><strong>A. A.<\/strong><\/p>\n","protected":false},"excerpt":{"rendered":"<p>Le Maroc a \u00e9t\u00e9 \u00e9lu hier jeudi, en la personne du Directeur G\u00e9n\u00e9ral de l\u2019Office National des Chemins de Fer, Mohamed Rabie Khlie, \u00e0 la vice-pr\u00e9sidence de l\u2019Union Internationale des Chemins de Fer (UIC). Une distinction qui s\u2019ajoute \u00e0 sa pr\u00e9sidence de l\u2019UIC R\u00e9gion Afrique, annonce l\u2019ONCF dans un communiqu\u00e9. Cette \u00e9lection, pour un mandat &hellip;<\/p>\n","protected":false},"author":9,"featured_media":6606,"comment_status":"open","ping_status":"closed","sticky":false,"template":"","format":"standard","meta":{"footnotes":""},"categories":[302],"tags":[],"class_list":["post-6605","post","type-post","status-publish","format-standard","has-post-thumbnail","hentry","category-ferroviaire"],"_links":{"self":[{"href":"https:\/\/letempsmag.ma\/index.php?rest_route=\/wp\/v2\/posts\/6605","targetHints":{"allow":["GET"]}}],"collection":[{"href":"https:\/\/letempsmag.ma\/index.php?rest_route=\/wp\/v2\/posts"}],"about":[{"href":"https:\/\/letempsmag.ma\/index.php?rest_route=\/wp\/v2\/types\/post"}],"author":[{"embeddable":true,"href":"https:\/\/letempsmag.ma\/index.php?rest_route=\/wp\/v2\/users\/9"}],"replies":[{"embeddable":true,"href":"https:\/\/letempsmag.ma\/index.php?rest_route=%2Fwp%2Fv2%2Fcomments&post=6605"}],"version-history":[{"count":1,"href":"https:\/\/letempsmag.ma\/index.php?rest_route=\/wp\/v2\/posts\/6605\/revisions"}],"predecessor-version":[{"id":6607,"href":"https:\/\/letempsmag.ma\/index.php?rest_route=\/wp\/v2\/posts\/6605\/revisions\/6607"}],"wp:featuredmedia":[{"embeddable":true,"href":"https:\/\/letempsmag.ma\/index.php?rest_route=\/wp\/v2\/media\/6606"}],"wp:attachment":[{"href":"https:\/\/letempsmag.ma\/index.php?rest_route=%2Fwp%2Fv2%2Fmedia&parent=6605"}],"wp:term":[{"taxonomy":"category","embeddable":true,"href":"https:\/\/letempsmag.ma\/index.php?rest_route=%2Fwp%2Fv2%2Fcategories&post=6605"},{"taxonomy":"post_tag","embeddable":true,"href":"https:\/\/letempsmag.ma\/index.php?rest_route=%2Fwp%2Fv2%2Ftags&post=6605"}],"curies":[{"name":"wp","href":"https:\/\/api.w.org\/{rel}","templated":true}]}}