{"id":6529,"date":"2021-07-08T08:25:36","date_gmt":"2021-07-08T07:25:36","guid":{"rendered":"https:\/\/letempsmag.ma\/?p=6529"},"modified":"2021-07-08T08:25:37","modified_gmt":"2021-07-08T07:25:37","slug":"assilah-accueille-la-federation-mondiale-des-associations-pour-les-nations-unies","status":"publish","type":"post","link":"https:\/\/letempsmag.ma\/?p=6529","title":{"rendered":"Assilah accueille la F\u00e9d\u00e9ration Mondiale des Associations pour les Nations-Unies"},"content":{"rendered":"\n<p>L\u2019Association des Nations-Unies Maroc (ANU-Maroc) lancera du 20 au 25 ao\u00fbt prochain \u00e0 Assilah le premier camp d\u2019\u00e9t\u00e9 des champions marocains des Objectifs de D\u00e9veloppement Durable dans le cadre du \u00abGlobal UN Spotlight Training Program\u00bb. Ce programme de formation, men\u00e9 en collaboration avec la F\u00e9d\u00e9ration Mondiale des Associations pour les Nations-Unies (WFUNA), vise \u00e0 \u00abcontribuer \u00e0 la cr\u00e9ation d\u2019une g\u00e9n\u00e9ration de jeunes leaders capables non seulement de comprendre les dynamiques onusiennes, mais aussi \u00e0 cr\u00e9er des mouvements de jeunes potentiellement en mesure de devenir des acteurs du changement\u00bb, a indiqu\u00e9 ANU-Maroc dans une note relay\u00e9e mardi dernier par la MAP.<\/p>\n\n\n\n<p>C\u2019est la premi\u00e8re fois dans l\u2019histoire de la WFUNA qu\u2019une telle initiative est organis\u00e9e au Maroc, pr\u00e9cise l\u2019Association, invitant \u00e0 visiter son site-web \u00abwww.una-morocco.org\u00bb pour plus d\u2019informations. \u00abNous sommes profond\u00e9ment honor\u00e9s que la F\u00e9d\u00e9ration ait d\u00e9cid\u00e9 de se focaliser directement sur un projet au Maroc en faveur de jeunes \u00e9tudiants\u00bb, confie le Secr\u00e9taire G\u00e9n\u00e9ral de l\u2019Association d\u2019ANU-Maroc, Abderrahmane Chabib.<\/p>\n\n\n\n<p>Unie \u00e0 d\u2019autres initiatives en cours, cette collaboration repr\u00e9sente une excellente opportunit\u00e9 pour la soci\u00e9t\u00e9 civile au Maroc pour \u00abjouer davantage dans un cadre prestigieux et d\u2019haut niveau comme celui offert par le r\u00e9seau des Associations des Nations-Unies\u00bb, souligne Abderrahmane Chabib. \u00abNous sommes \u00e9galement fiers de pouvoir amener la F\u00e9d\u00e9ration directement au Maroc car c\u2019est la premi\u00e8re fois qu\u2019une telle initiative se produit en Afrique\u00bb, a-t-il insist\u00e9.<\/p>\n\n\n\n<p>Avec plus de 20 ans d\u2019exp\u00e9rience dans la conception et la mise en \u0153uvre des programmes aux Nations-Unies, la WFUNA accueille chaque ann\u00e9e des milliers de jeunes qui cherchent \u00e0 s\u2019immerger dans les valeurs fondamentales de l\u2019Organisation des Nations-Unies&nbsp;: citoyennet\u00e9, d\u00e9veloppement durable, soci\u00e9t\u00e9s inclusives\u2026<\/p>\n\n\n\n<p>Rappelons que la F\u00e9d\u00e9ration Mondiale des Associations pour les Nations-Unies est une organisation internationale \u00e0 but non lucratif. Elle repr\u00e9sente et coordonne plus de 100 Associations nationales pour les Nations-Unies et leurs milliers de membres.<\/p>\n\n\n\n<p><strong>A. A.<\/strong><\/p>\n","protected":false},"excerpt":{"rendered":"<p>L\u2019Association des Nations-Unies Maroc (ANU-Maroc) lancera du 20 au 25 ao\u00fbt prochain \u00e0 Assilah le premier camp d\u2019\u00e9t\u00e9 des champions marocains des Objectifs de D\u00e9veloppement Durable dans le cadre du \u00abGlobal UN Spotlight Training Program\u00bb. Ce programme de formation, men\u00e9 en collaboration avec la F\u00e9d\u00e9ration Mondiale des Associations pour les Nations-Unies (WFUNA), vise \u00e0 \u00abcontribuer &hellip;<\/p>\n","protected":false},"author":9,"featured_media":6530,"comment_status":"open","ping_status":"closed","sticky":false,"template":"","format":"standard","meta":{"footnotes":""},"categories":[300],"tags":[],"class_list":["post-6529","post","type-post","status-publish","format-standard","has-post-thumbnail","hentry","category-societe-2"],"_links":{"self":[{"href":"https:\/\/letempsmag.ma\/index.php?rest_route=\/wp\/v2\/posts\/6529","targetHints":{"allow":["GET"]}}],"collection":[{"href":"https:\/\/letempsmag.ma\/index.php?rest_route=\/wp\/v2\/posts"}],"about":[{"href":"https:\/\/letempsmag.ma\/index.php?rest_route=\/wp\/v2\/types\/post"}],"author":[{"embeddable":true,"href":"https:\/\/letempsmag.ma\/index.php?rest_route=\/wp\/v2\/users\/9"}],"replies":[{"embeddable":true,"href":"https:\/\/letempsmag.ma\/index.php?rest_route=%2Fwp%2Fv2%2Fcomments&post=6529"}],"version-history":[{"count":1,"href":"https:\/\/letempsmag.ma\/index.php?rest_route=\/wp\/v2\/posts\/6529\/revisions"}],"predecessor-version":[{"id":6531,"href":"https:\/\/letempsmag.ma\/index.php?rest_route=\/wp\/v2\/posts\/6529\/revisions\/6531"}],"wp:featuredmedia":[{"embeddable":true,"href":"https:\/\/letempsmag.ma\/index.php?rest_route=\/wp\/v2\/media\/6530"}],"wp:attachment":[{"href":"https:\/\/letempsmag.ma\/index.php?rest_route=%2Fwp%2Fv2%2Fmedia&parent=6529"}],"wp:term":[{"taxonomy":"category","embeddable":true,"href":"https:\/\/letempsmag.ma\/index.php?rest_route=%2Fwp%2Fv2%2Fcategories&post=6529"},{"taxonomy":"post_tag","embeddable":true,"href":"https:\/\/letempsmag.ma\/index.php?rest_route=%2Fwp%2Fv2%2Ftags&post=6529"}],"curies":[{"name":"wp","href":"https:\/\/api.w.org\/{rel}","templated":true}]}}