{"id":6514,"date":"2021-07-07T12:56:56","date_gmt":"2021-07-07T11:56:56","guid":{"rendered":"https:\/\/letempsmag.ma\/?p=6514"},"modified":"2021-07-07T12:56:58","modified_gmt":"2021-07-07T11:56:58","slug":"ouverture-depuis-hier-a-rabat-de-lexposition-delacroix-souvenirs-dun-voyage-au-maroc","status":"publish","type":"post","link":"https:\/\/letempsmag.ma\/?p=6514","title":{"rendered":"Ouverture depuis hier \u00e0 Rabat de l\u2019exposition \u00abDelacroix, souvenirs d\u2019un voyage au Maroc\u00bb"},"content":{"rendered":"\n<p>Visible jusqu\u2019au 9 octobre prochain, l\u2019exposition \u00abDelacroix, souvenirs d\u2019un voyage au Maroc\u00bb a \u00e9t\u00e9 inaugur\u00e9e hier mardi \u00e0 Rabat, au Mus\u00e9e Mohammed VI d\u2019Art Moderne et Contemporain (MMVI), en pr\u00e9sence de membres du corps diplomatique accr\u00e9dit\u00e9 dans la capitale, de journalistes et d\u2019acteurs culturels aussi bien du Maroc que de France.<\/p>\n\n\n\n<p>Avec une s\u00e9lection de tableaux, de dessins et d\u2019aquarelles, l\u2019exposition retrace le voyage d\u2019Eug\u00e8ne Delacroix au Maroc en 1832 ainsi que la quasi totalit\u00e9 des objets, des v\u00eatements, des armes et des instruments de musique qu\u2019il a rapport\u00e9s de son voyage et qui l\u2019ont accompagn\u00e9s durant toute sa carri\u00e8re d\u2019artiste.<\/p>\n\n\n\n<p>Dans une allocution de circonstance, le pr\u00e9sident de la Fondation National des Mus\u00e9es, Mehdi Qotbi, a indiqu\u00e9 que cette exposition permettra de d\u00e9couvrir Delacroix, \u00abun peintre qui a apport\u00e9 des couleurs et a r\u00e9volutionn\u00e9 la sc\u00e8ne artistique de son \u00e9poque\u00bb. Il n\u2019a pas manqu\u00e9 de souligner l\u2019importance de cette exposition, qui est \u00abun motif de fiert\u00e9\u00bb pour le Maroc, ainsi que la dynamique impuls\u00e9e par S.M. le Roi Mohammed VI dans le domaine de la culture et des arts.<\/p>\n\n\n\n<p>Pour sa part, la Directrice du Mus\u00e9e National Eug\u00e8ne-Delacroix et co-Commissaire de l\u2019exposition, Claire Bess\u00e8de, s\u2019est f\u00e9licit\u00e9e de ce \u00abregard d\u2019expert\u00bb port\u00e9 sur les \u0153uvres de Delacroix, mettant en avant l\u2019effet qu\u2019a eu le Maroc sur le parcours artistique d\u2019un peintre qui avait marqu\u00e9 son \u00e9poque. \u00abPendant plus de 30 ans, Eug\u00e8ne Delacroix va repr\u00e9senter le Maroc \u00e0 travers ses tableaux qu\u2019il a fait dans son atelier \u00e0 Paris\u00bb, a-t-elle indiqu\u00e9, rappelant que le peintre se basait \u00absur ses dessins, sur ses objets, sur sa m\u00e9moire et sur ses souvenirs\u00bb pour donner vie \u00e0 son voyage au Maroc.<\/p>\n\n\n\n<p>Dans le sillage de la volont\u00e9 du Souverain de toujours maintenir un lien fort entre les Marocains r\u00e9sidant \u00e0 l\u2019\u00e9tranger (MRE) et leur pays d\u2019origine, une r\u00e9duction de 50% est accord\u00e9e pour acc\u00e9der \u00e0 l\u2019exposition sur simple pr\u00e9sentation du passeport.<\/p>\n\n\n\n<p>Rappelons que cette tr\u00e8s belle op\u00e9ration est appuy\u00e9e par l\u2019Office National Marocain du Tourisme (ONMT) et Royal Air Maroc qui se mobilisent ainsi pour la promotion des arts et de la culture. La compagnie a\u00e9rienne a mis \u00e0 disposition ses avions pour le transport des artistes et des \u0153uvres artistiques dont la prestigieuse collection Delacroix.<\/p>\n\n\n\n<p><strong>L. F.<\/strong><\/p>\n","protected":false},"excerpt":{"rendered":"<p>Visible jusqu\u2019au 9 octobre prochain, l\u2019exposition \u00abDelacroix, souvenirs d\u2019un voyage au Maroc\u00bb a \u00e9t\u00e9 inaugur\u00e9e hier mardi \u00e0 Rabat, au Mus\u00e9e Mohammed VI d\u2019Art Moderne et Contemporain (MMVI), en pr\u00e9sence de membres du corps diplomatique accr\u00e9dit\u00e9 dans la capitale, de journalistes et d\u2019acteurs culturels aussi bien du Maroc que de France. Avec une s\u00e9lection de &hellip;<\/p>\n","protected":false},"author":9,"featured_media":6515,"comment_status":"open","ping_status":"closed","sticky":false,"template":"","format":"standard","meta":{"footnotes":""},"categories":[149],"tags":[],"class_list":["post-6514","post","type-post","status-publish","format-standard","has-post-thumbnail","hentry","category-art"],"_links":{"self":[{"href":"https:\/\/letempsmag.ma\/index.php?rest_route=\/wp\/v2\/posts\/6514","targetHints":{"allow":["GET"]}}],"collection":[{"href":"https:\/\/letempsmag.ma\/index.php?rest_route=\/wp\/v2\/posts"}],"about":[{"href":"https:\/\/letempsmag.ma\/index.php?rest_route=\/wp\/v2\/types\/post"}],"author":[{"embeddable":true,"href":"https:\/\/letempsmag.ma\/index.php?rest_route=\/wp\/v2\/users\/9"}],"replies":[{"embeddable":true,"href":"https:\/\/letempsmag.ma\/index.php?rest_route=%2Fwp%2Fv2%2Fcomments&post=6514"}],"version-history":[{"count":1,"href":"https:\/\/letempsmag.ma\/index.php?rest_route=\/wp\/v2\/posts\/6514\/revisions"}],"predecessor-version":[{"id":6516,"href":"https:\/\/letempsmag.ma\/index.php?rest_route=\/wp\/v2\/posts\/6514\/revisions\/6516"}],"wp:featuredmedia":[{"embeddable":true,"href":"https:\/\/letempsmag.ma\/index.php?rest_route=\/wp\/v2\/media\/6515"}],"wp:attachment":[{"href":"https:\/\/letempsmag.ma\/index.php?rest_route=%2Fwp%2Fv2%2Fmedia&parent=6514"}],"wp:term":[{"taxonomy":"category","embeddable":true,"href":"https:\/\/letempsmag.ma\/index.php?rest_route=%2Fwp%2Fv2%2Fcategories&post=6514"},{"taxonomy":"post_tag","embeddable":true,"href":"https:\/\/letempsmag.ma\/index.php?rest_route=%2Fwp%2Fv2%2Ftags&post=6514"}],"curies":[{"name":"wp","href":"https:\/\/api.w.org\/{rel}","templated":true}]}}