{"id":6487,"date":"2021-07-06T09:47:18","date_gmt":"2021-07-06T08:47:18","guid":{"rendered":"https:\/\/letempsmag.ma\/?p=6487"},"modified":"2021-07-06T11:21:21","modified_gmt":"2021-07-06T10:21:21","slug":"le-souverain-donne-le-coup-denvoi-du-programme-de-fabrication-de-vaccins-au-maroc","status":"publish","type":"post","link":"https:\/\/letempsmag.ma\/?p=6487","title":{"rendered":"Le Souverain donne le coup d\u2019envoi du programme de fabrication de vaccins au Maroc"},"content":{"rendered":"\n<p>S.M. le Roi Mohammed VI a pr\u00e9sid\u00e9, hier lundi au Palais Royal de F\u00e8s, une c\u00e9r\u00e9monie de lancement et de signature de conventions relatives au projet de fabrication et de mise en seringue au Maroc du vaccin anti-\u00abCovid-19\u00bb et autres vaccins. Ce projet a pour objet la production dans le Royaume de vaccin anti-\u00abCovid\u00bb ainsi que d\u2019autres vaccins-cl\u00e9s de mani\u00e8re \u00e0 promouvoir l\u2019autosuffisance du Maroc et en faire une plateforme de biotechnologie de premier plan \u00e0 l\u2019\u00e9chelle du continent africain et du monde dans le domaine de l\u2019industrie du \u00abfill &amp; finish\u00bb (\u00abremplir &amp; finir\u00bb).<\/p>\n\n\n\n<p>Le projet mobilisera un investissement global de l\u2019ordre de 500 millions de dollars (environ 4 milliards de DH) et sera le fruit d\u2019un partenariat public-priv\u00e9. Il vise \u00e0 d\u00e9marrer \u00e0 court terme avec une capacit\u00e9 de production mensuelle de 5 millions de doses de vaccin anti-\u00abCovid-19\u00bb, avant de d\u00e9multiplier progressivement cette capacit\u00e9 \u00e0 moyen terme.<\/p>\n\n\n\n<p>Avec le lancement de ce partenariat de grande envergure, qui s\u2019inscrit dans le prolongement de l\u2019entretien t\u00e9l\u00e9phonique du 31 ao\u00fbt 2020 entre S.M. le Roi Mohammed VI et Xi Jinping, Pr\u00e9sident de la R\u00e9publique Populaire de Chine, le Maroc effectue un pas suppl\u00e9mentaire dans la concr\u00e9tisation de la vision Royale pour une gestion efficace et proactive de la crise pand\u00e9mique et de ses suites. Tout en renfor\u00e7ant la souverainet\u00e9 sanitaire du Royaume, le projet consacre le rayonnement international du Royaume et renforce sa vocation de pourvoyeur de s\u00e9curit\u00e9 sanitaire au sein de son environnement r\u00e9gional et continental, face aux risques sanitaires, aux d\u00e9pendances ext\u00e9rieures et aux contingences politiques.<\/p>\n\n\n\n<p>Outre les signataires, ont \u00e9galement assist\u00e9 \u00e0 cette c\u00e9r\u00e9monie le Chef du gouvernement, Sa\u00e2d-Eddine El Otmani; le Conseiller du Souverain, Fouad Ali El Himma; le Ministre des Affaires \u00c9trang\u00e8res, de la Coop\u00e9ration africaine et des Marocains r\u00e9sidant \u00e0 l\u2019\u00e9tranger, Nasser Bourita; le Pr\u00e9sident du groupe Attijariwafa Bank, Mohamed Kettani; et le Pr\u00e9sident du groupe Banque Populaire, Mohamed Karim Mounir. (Photo&nbsp;: AIC Presse)<\/p>\n\n\n\n<p><strong>(Avec MAP)<\/strong><\/p>\n","protected":false},"excerpt":{"rendered":"<p>S.M. le Roi Mohammed VI a pr\u00e9sid\u00e9, hier lundi au Palais Royal de F\u00e8s, une c\u00e9r\u00e9monie de lancement et de signature de conventions relatives au projet de fabrication et de mise en seringue au Maroc du vaccin anti-\u00abCovid-19\u00bb et autres vaccins. Ce projet a pour objet la production dans le Royaume de vaccin anti-\u00abCovid\u00bb ainsi &hellip;<\/p>\n","protected":false},"author":9,"featured_media":6488,"comment_status":"open","ping_status":"closed","sticky":false,"template":"","format":"standard","meta":{"footnotes":""},"categories":[297],"tags":[],"class_list":["post-6487","post","type-post","status-publish","format-standard","has-post-thumbnail","hentry","category-biotechnologie"],"_links":{"self":[{"href":"https:\/\/letempsmag.ma\/index.php?rest_route=\/wp\/v2\/posts\/6487","targetHints":{"allow":["GET"]}}],"collection":[{"href":"https:\/\/letempsmag.ma\/index.php?rest_route=\/wp\/v2\/posts"}],"about":[{"href":"https:\/\/letempsmag.ma\/index.php?rest_route=\/wp\/v2\/types\/post"}],"author":[{"embeddable":true,"href":"https:\/\/letempsmag.ma\/index.php?rest_route=\/wp\/v2\/users\/9"}],"replies":[{"embeddable":true,"href":"https:\/\/letempsmag.ma\/index.php?rest_route=%2Fwp%2Fv2%2Fcomments&post=6487"}],"version-history":[{"count":2,"href":"https:\/\/letempsmag.ma\/index.php?rest_route=\/wp\/v2\/posts\/6487\/revisions"}],"predecessor-version":[{"id":6493,"href":"https:\/\/letempsmag.ma\/index.php?rest_route=\/wp\/v2\/posts\/6487\/revisions\/6493"}],"wp:featuredmedia":[{"embeddable":true,"href":"https:\/\/letempsmag.ma\/index.php?rest_route=\/wp\/v2\/media\/6488"}],"wp:attachment":[{"href":"https:\/\/letempsmag.ma\/index.php?rest_route=%2Fwp%2Fv2%2Fmedia&parent=6487"}],"wp:term":[{"taxonomy":"category","embeddable":true,"href":"https:\/\/letempsmag.ma\/index.php?rest_route=%2Fwp%2Fv2%2Fcategories&post=6487"},{"taxonomy":"post_tag","embeddable":true,"href":"https:\/\/letempsmag.ma\/index.php?rest_route=%2Fwp%2Fv2%2Ftags&post=6487"}],"curies":[{"name":"wp","href":"https:\/\/api.w.org\/{rel}","templated":true}]}}