{"id":6309,"date":"2021-07-02T09:22:15","date_gmt":"2021-07-02T08:22:15","guid":{"rendered":"https:\/\/letempsmag.ma\/?p=6309"},"modified":"2021-07-02T09:22:16","modified_gmt":"2021-07-02T08:22:16","slug":"la-position-des-etats-unis-reste-inchangee-selon-washington","status":"publish","type":"post","link":"https:\/\/letempsmag.ma\/?p=6309","title":{"rendered":"La position des \u00c9tats-Unis reste \u00abinchang\u00e9e\u00bb, selon Washington"},"content":{"rendered":"\n<p>Les \u00c9tats-Unis ont r\u00e9affirm\u00e9, hier jeudi, qu\u2019il n\u2019y a \u00abaucun changement\u00bb dans leur position reconnaissant la souverainet\u00e9 du Maroc sur le Sahara. \u00abCela demeure la position de l\u2019Administration du pr\u00e9sident Joe Biden\u00bb, a indiqu\u00e9 le porte-parole du D\u00e9partement d\u2019\u00c9tat, Ned Price, lors d\u2019un point de presse. \u00abIl n\u2019y a pas de changement\u00bb sur cette question, a-t-il en effet affirm\u00e9, dans une claire continuit\u00e9 de la position des \u00c9tats-Unis au sujet de la souverainet\u00e9 pleine et enti\u00e8re du Maroc sur son Sahara.<\/p>\n\n\n\n<p>\u00c0 travers une proclamation pr\u00e9sidentielle, sign\u00e9e le 10 d\u00e9cembre dernier, les \u00c9tats-Unis ont act\u00e9 la reconnaissance am\u00e9ricaine formelle de la souverainet\u00e9 pleine et enti\u00e8re du Royaume sur son Sahara. Le texte de la proclamation a \u00e9t\u00e9 diffus\u00e9 ensuite aux 193 \u00c9tats membres des Nations-Unies en tant que document officiel du Conseil de S\u00e9curit\u00e9. Dans la lettre adress\u00e9e \u00e0 cette occasion au Pr\u00e9sident du Conseil de S\u00e9curit\u00e9, dont une copie a \u00e9t\u00e9 envoy\u00e9e au Secr\u00e9taire G\u00e9n\u00e9ral de l\u2019ONU, Washington rappelle que la proposition marocaine d\u2019autonomie est \u00able seul fondement d\u2019une solution juste et durable\u00bb au diff\u00e9rend sur le Sahara.<\/p>\n\n\n\n<p><strong>A. A.<\/strong><\/p>\n","protected":false},"excerpt":{"rendered":"<p>Les \u00c9tats-Unis ont r\u00e9affirm\u00e9, hier jeudi, qu\u2019il n\u2019y a \u00abaucun changement\u00bb dans leur position reconnaissant la souverainet\u00e9 du Maroc sur le Sahara. \u00abCela demeure la position de l\u2019Administration du pr\u00e9sident Joe Biden\u00bb, a indiqu\u00e9 le porte-parole du D\u00e9partement d\u2019\u00c9tat, Ned Price, lors d\u2019un point de presse. \u00abIl n\u2019y a pas de changement\u00bb sur cette question, &hellip;<\/p>\n","protected":false},"author":9,"featured_media":6310,"comment_status":"open","ping_status":"closed","sticky":false,"template":"","format":"standard","meta":{"footnotes":""},"categories":[123],"tags":[],"class_list":["post-6309","post","type-post","status-publish","format-standard","has-post-thumbnail","hentry","category-sahara-marocain"],"_links":{"self":[{"href":"https:\/\/letempsmag.ma\/index.php?rest_route=\/wp\/v2\/posts\/6309","targetHints":{"allow":["GET"]}}],"collection":[{"href":"https:\/\/letempsmag.ma\/index.php?rest_route=\/wp\/v2\/posts"}],"about":[{"href":"https:\/\/letempsmag.ma\/index.php?rest_route=\/wp\/v2\/types\/post"}],"author":[{"embeddable":true,"href":"https:\/\/letempsmag.ma\/index.php?rest_route=\/wp\/v2\/users\/9"}],"replies":[{"embeddable":true,"href":"https:\/\/letempsmag.ma\/index.php?rest_route=%2Fwp%2Fv2%2Fcomments&post=6309"}],"version-history":[{"count":1,"href":"https:\/\/letempsmag.ma\/index.php?rest_route=\/wp\/v2\/posts\/6309\/revisions"}],"predecessor-version":[{"id":6311,"href":"https:\/\/letempsmag.ma\/index.php?rest_route=\/wp\/v2\/posts\/6309\/revisions\/6311"}],"wp:featuredmedia":[{"embeddable":true,"href":"https:\/\/letempsmag.ma\/index.php?rest_route=\/wp\/v2\/media\/6310"}],"wp:attachment":[{"href":"https:\/\/letempsmag.ma\/index.php?rest_route=%2Fwp%2Fv2%2Fmedia&parent=6309"}],"wp:term":[{"taxonomy":"category","embeddable":true,"href":"https:\/\/letempsmag.ma\/index.php?rest_route=%2Fwp%2Fv2%2Fcategories&post=6309"},{"taxonomy":"post_tag","embeddable":true,"href":"https:\/\/letempsmag.ma\/index.php?rest_route=%2Fwp%2Fv2%2Ftags&post=6309"}],"curies":[{"name":"wp","href":"https:\/\/api.w.org\/{rel}","templated":true}]}}