{"id":6169,"date":"2021-06-30T08:50:51","date_gmt":"2021-06-30T07:50:51","guid":{"rendered":"https:\/\/letempsmag.ma\/?p=6169"},"modified":"2021-06-30T08:50:52","modified_gmt":"2021-06-30T07:50:52","slug":"nespresso-lance-au-maroc-sa-nouvelle-collection-imaginee-avec-licone-chiara-ferragni","status":"publish","type":"post","link":"https:\/\/letempsmag.ma\/?p=6169","title":{"rendered":"Nespresso lance au Maroc sa nouvelle collection imagin\u00e9e avec l\u2019ic\u00f4ne Chiara Ferragni"},"content":{"rendered":"\n<p>Nespresso lance au Maroc une collection estivale qui se veut tr\u00e8s rafra\u00eechissante. La nouvelle collection a \u00e9t\u00e9 imagin\u00e9e en collaboration avec l\u2019ic\u00f4ne Chiara Ferragni, c\u00e9l\u00e8bre femme d\u2019affaires italienne et entrepreneure chevronn\u00e9e dans le digital, qui a apport\u00e9 une touche de fantaisie \u00e0 cette gamme que lance Nespresso d\u00e8s le 1<sup>er<\/sup> juillet en \u00e9dition limit\u00e9e. Une touche d&#8217;\u00e9l\u00e9gance et de piquant caract\u00e9rise cette association in\u00e9dite qui ravira les fans de Chiara Ferragni et de Nespresso et qui apporte aux machines et accessoires pr\u00e9f\u00e9r\u00e9s de la marque un style embl\u00e9matique aux couleurs vives et au design dynamique.<\/p>\n\n\n\n<p>Ensemble, Nespresso et Chiara Ferragni serviront donc du caf\u00e9 avec style cet \u00e9t\u00e9&nbsp;! Avec son espi\u00e8glerie contagieuse et ses valeurs familiales, Chiara Ferragni incarne id\u00e9alement l&#8217;\u00e9t\u00e9 aux c\u00f4t\u00e9s de Nespresso. Une collaboration qui se d\u00e9cline sur toute une s\u00e9rie d&#8217;activit\u00e9s, du lancement de la collection en \u00e9dition limit\u00e9e \u00e0 des \u00e9v\u00e9nements exclusifs, en passant par des recettes de caf\u00e9 inspir\u00e9es de l&#8217;\u00e9t\u00e9 et un acc\u00e8s aux coulisses de l\u2019\u00e9v\u00e9nementiel.<\/p>\n\n\n\n<p>\u00c0 propos de sa collaboration avec Nespresso, Chiara Ferragni d\u00e9clare&nbsp;: \u00abje suis Italienne et donc une grande amatrice de caf\u00e9. Je suis depuis longtemps fan de Nespresso qui correspond vraiment au mode de vie contemporain, avec son approche pratique et intelligente du caf\u00e9 de grande qualit\u00e9. C&#8217;est la raison pour laquelle je suis heureuse de travailler sur cette collection, que j&#8217;ai remplie de motifs \u00e0 la fois amusants et luxueux. Lors de ma premi\u00e8re rencontre avec la marque, j&#8217;ai \u00e9t\u00e9 impressionn\u00e9e par les nombreuses initiatives en mati\u00e8re de durabilit\u00e9 et de recyclage, auxquelles je souhaite vivement participer et contribuer dans un avenir proche\u00bb.<\/p>\n\n\n\n<p>Pour sa part, Anna Lundstrom, Chief Brand Officer Nespresso, confie&nbsp;: \u00abnous sommes fiers d&#8217;annoncer cette collaboration. Chiara Ferragni a ouvert la voie dans l&#8217;entrepreneuriat mondial en cr\u00e9ant des tendances dans diff\u00e9rents domaines tels que la mode, le style de vie et l&#8217;engagement num\u00e9rique. Il s&#8217;agit de l&#8217;une de nos plus importantes collaborations \u00e0 ce jour et ce projet passionnant, parfaitement align\u00e9 avec notre vision cr\u00e9ative, est une approche novatrice pour Nespresso. Nous sommes vraiment heureux de partager l&#8217;univers que Chiara Ferragni a cr\u00e9\u00e9 pour la marque Nespresso\u00bb.<\/p>\n\n\n\n<p><strong>M. E.<\/strong><\/p>\n","protected":false},"excerpt":{"rendered":"<p>Nespresso lance au Maroc une collection estivale qui se veut tr\u00e8s rafra\u00eechissante. La nouvelle collection a \u00e9t\u00e9 imagin\u00e9e en collaboration avec l\u2019ic\u00f4ne Chiara Ferragni, c\u00e9l\u00e8bre femme d\u2019affaires italienne et entrepreneure chevronn\u00e9e dans le digital, qui a apport\u00e9 une touche de fantaisie \u00e0 cette gamme que lance Nespresso d\u00e8s le 1er juillet en \u00e9dition limit\u00e9e. Une &hellip;<\/p>\n","protected":false},"author":9,"featured_media":6170,"comment_status":"open","ping_status":"closed","sticky":false,"template":"","format":"standard","meta":{"footnotes":""},"categories":[294],"tags":[],"class_list":["post-6169","post","type-post","status-publish","format-standard","has-post-thumbnail","hentry","category-cafe"],"_links":{"self":[{"href":"https:\/\/letempsmag.ma\/index.php?rest_route=\/wp\/v2\/posts\/6169","targetHints":{"allow":["GET"]}}],"collection":[{"href":"https:\/\/letempsmag.ma\/index.php?rest_route=\/wp\/v2\/posts"}],"about":[{"href":"https:\/\/letempsmag.ma\/index.php?rest_route=\/wp\/v2\/types\/post"}],"author":[{"embeddable":true,"href":"https:\/\/letempsmag.ma\/index.php?rest_route=\/wp\/v2\/users\/9"}],"replies":[{"embeddable":true,"href":"https:\/\/letempsmag.ma\/index.php?rest_route=%2Fwp%2Fv2%2Fcomments&post=6169"}],"version-history":[{"count":1,"href":"https:\/\/letempsmag.ma\/index.php?rest_route=\/wp\/v2\/posts\/6169\/revisions"}],"predecessor-version":[{"id":6171,"href":"https:\/\/letempsmag.ma\/index.php?rest_route=\/wp\/v2\/posts\/6169\/revisions\/6171"}],"wp:featuredmedia":[{"embeddable":true,"href":"https:\/\/letempsmag.ma\/index.php?rest_route=\/wp\/v2\/media\/6170"}],"wp:attachment":[{"href":"https:\/\/letempsmag.ma\/index.php?rest_route=%2Fwp%2Fv2%2Fmedia&parent=6169"}],"wp:term":[{"taxonomy":"category","embeddable":true,"href":"https:\/\/letempsmag.ma\/index.php?rest_route=%2Fwp%2Fv2%2Fcategories&post=6169"},{"taxonomy":"post_tag","embeddable":true,"href":"https:\/\/letempsmag.ma\/index.php?rest_route=%2Fwp%2Fv2%2Ftags&post=6169"}],"curies":[{"name":"wp","href":"https:\/\/api.w.org\/{rel}","templated":true}]}}