{"id":6103,"date":"2021-06-28T09:01:00","date_gmt":"2021-06-28T08:01:00","guid":{"rendered":"https:\/\/letempsmag.ma\/?p=6103"},"modified":"2021-06-27T21:32:32","modified_gmt":"2021-06-27T20:32:32","slug":"microsoft-nomme-une-directrice-generale-pour-le-maroc","status":"publish","type":"post","link":"https:\/\/letempsmag.ma\/?p=6103","title":{"rendered":"Microsoft nomme une Directrice G\u00e9n\u00e9rale pour le Maroc"},"content":{"rendered":"\n<p>Le g\u00e9ant am\u00e9ricain Microsoft a annonc\u00e9 r\u00e9cemment la nomination de Salima Amira au poste de Directrice G\u00e9n\u00e9rale pour le Maroc. Avec ses 17 ann\u00e9es d\u2019exp\u00e9rience en tant que manager dans des environnements complexes et concurrentiels, la nouvelle dirigeante de Microsoft Maroc se positionne en bonne posture pour r\u00e9ussir son nouveau challenge.<\/p>\n\n\n\n<p>Au cours des quatre derni\u00e8res ann\u00e9es, Salima Amira a occup\u00e9 diff\u00e9rents postes chez IBM dont celui de Territory Manager pour le Maroc sur les deux derni\u00e8res ann\u00e9es. Auparavant, elle a travaill\u00e9 pendant huit ans pour le compte de soci\u00e9t\u00e9 d\u2019ing\u00e9nierie informatique o\u00f9 elle \u00e9tait en charge des ventes de services et de solutions IT pour diverses industries. Elle a \u00e9galement pass\u00e9 six ann\u00e9es au sein d\u2019un op\u00e9rateur de t\u00e9l\u00e9communications o\u00f9 elle a dirig\u00e9 les ventes pour les entreprises et la gestion d\u2019une des filiales.<\/p>\n\n\n\n<p>Le mandat de la nouvelle patronne de Microsoft Maroc consiste, entre autres, \u00e0 collaborer \u00e9troitement avec les clients et partenaires pour comprendre leurs besoins sp\u00e9cifiques, soutenir leurs programmes de digitalisation au Maroc et appuyer l\u2019autonomisation et le d\u00e9veloppement des partenaires. Fervente partisane de la promotion d&#8217;une culture d&#8217;inclusion, de transparence et de confiance, Salima Amira se fixe comme objectif d\u2019encadrer avec succ\u00e8s ses \u00e9quipes en inculquant un \u00e9tat d&#8217;esprit de r\u00e9silience et de constante \u00e9volution. \u00abJe suis impatiente de rencontrer l&#8217;\u00e9quipe au Maroc et dans la r\u00e9gion, comprendre et m\u2019impr\u00e9gner de la culture Microsoft et apporter mon soutien \u00e0 chaque membre de l\u2019\u00e9quipe. Ensemble, nous serons capables d\u2019acc\u00e9l\u00e9rer le plan de Microsoft visant \u00e0 soutenir le d\u00e9veloppement digital au Maroc\u00bb, a-t-elle d\u00e9clar\u00e9 d\u00e8s sa nomination.<\/p>\n\n\n\n<p>Ibrahim Youssry, Directeur G\u00e9n\u00e9ral R\u00e9gional de Microsoft pour le Cluster Multi-Pays MEA, a d\u00e9clar\u00e9 pour sa part&nbsp;: \u00abNous sommes ravis d&#8217;accueillir Salima dans l&#8217;\u00e9quipe du Maroc. Avec sa riche exp\u00e9rience et ses connaissances, elle est pr\u00eate \u00e0 mener avec succ\u00e8s notre objectif commun de favoriser la transformation digitale dans la r\u00e9gion\u00bb.<\/p>\n\n\n\n<p><strong>M. E.<\/strong><\/p>\n","protected":false},"excerpt":{"rendered":"<p>Le g\u00e9ant am\u00e9ricain Microsoft a annonc\u00e9 r\u00e9cemment la nomination de Salima Amira au poste de Directrice G\u00e9n\u00e9rale pour le Maroc. Avec ses 17 ann\u00e9es d\u2019exp\u00e9rience en tant que manager dans des environnements complexes et concurrentiels, la nouvelle dirigeante de Microsoft Maroc se positionne en bonne posture pour r\u00e9ussir son nouveau challenge. Au cours des quatre &hellip;<\/p>\n","protected":false},"author":9,"featured_media":6106,"comment_status":"open","ping_status":"closed","sticky":false,"template":"","format":"standard","meta":{"footnotes":""},"categories":[114,1],"tags":[],"class_list":["post-6103","post","type-post","status-publish","format-standard","has-post-thumbnail","hentry","category-technologies","category-uncategorized"],"_links":{"self":[{"href":"https:\/\/letempsmag.ma\/index.php?rest_route=\/wp\/v2\/posts\/6103","targetHints":{"allow":["GET"]}}],"collection":[{"href":"https:\/\/letempsmag.ma\/index.php?rest_route=\/wp\/v2\/posts"}],"about":[{"href":"https:\/\/letempsmag.ma\/index.php?rest_route=\/wp\/v2\/types\/post"}],"author":[{"embeddable":true,"href":"https:\/\/letempsmag.ma\/index.php?rest_route=\/wp\/v2\/users\/9"}],"replies":[{"embeddable":true,"href":"https:\/\/letempsmag.ma\/index.php?rest_route=%2Fwp%2Fv2%2Fcomments&post=6103"}],"version-history":[{"count":1,"href":"https:\/\/letempsmag.ma\/index.php?rest_route=\/wp\/v2\/posts\/6103\/revisions"}],"predecessor-version":[{"id":6104,"href":"https:\/\/letempsmag.ma\/index.php?rest_route=\/wp\/v2\/posts\/6103\/revisions\/6104"}],"wp:featuredmedia":[{"embeddable":true,"href":"https:\/\/letempsmag.ma\/index.php?rest_route=\/wp\/v2\/media\/6106"}],"wp:attachment":[{"href":"https:\/\/letempsmag.ma\/index.php?rest_route=%2Fwp%2Fv2%2Fmedia&parent=6103"}],"wp:term":[{"taxonomy":"category","embeddable":true,"href":"https:\/\/letempsmag.ma\/index.php?rest_route=%2Fwp%2Fv2%2Fcategories&post=6103"},{"taxonomy":"post_tag","embeddable":true,"href":"https:\/\/letempsmag.ma\/index.php?rest_route=%2Fwp%2Fv2%2Ftags&post=6103"}],"curies":[{"name":"wp","href":"https:\/\/api.w.org\/{rel}","templated":true}]}}