{"id":6090,"date":"2021-06-25T14:56:25","date_gmt":"2021-06-25T14:56:25","guid":{"rendered":"https:\/\/letempsmag.ma\/?p=6090"},"modified":"2021-06-25T14:56:26","modified_gmt":"2021-06-25T14:56:26","slug":"de-lart-de-se-tirer-une-balle-dans-le-pied","status":"publish","type":"post","link":"https:\/\/letempsmag.ma\/?p=6090","title":{"rendered":"De l\u2019art de se tirer une balle dans le pied"},"content":{"rendered":"\n<p><strong>PAR HASSAN EL ARCH<\/strong><\/p>\n\n\n\n<p>\u00c7a s\u2019appelle se tirer une balle dans le pied. La fuite en avant est forc\u00e9ment plus p\u00e9nible&nbsp;! Voil\u00e0 le path\u00e9tique spectacle que nous offre l\u2019Ex\u00e9cutif espagnol, en ces langueurs estivales qui commencent. Le Chef du gouvernement comme la Cheffe de la diplomatie sont dans l\u2019\u0153il du cyclone. Le premier face aux coups de boutoir inattendus du Centro Nacional de Intelligencia, le service de renseignement et de contre-espionnage espagnol, et la seconde face aux m\u00e9dias. Les deux timoniers de la politique \u00e9trang\u00e8re de Madrid font l\u2019unanimit\u00e9 contre le modus operandi qu\u2019ils d\u00e9ploient dans le diff\u00e9rend opposant le Maroc et l\u2019Espagne depuis plusieurs semaines. Les dommages collat\u00e9raux de l\u2019affaire Brahim Ghali se r\u00e9v\u00e8lent lentement, mais inexorablement. Une gestion de crise pitoyable \u00e0 souhait. Dangereuse au possible.<\/p>\n\n\n\n<p>Dans le flot de col\u00e8re et d\u2019indignation, qui n\u2019est au demeurant pas pr\u00e8s de se tarir au Maroc, les r\u00e9actions dans les salons, sur les r\u00e9seaux sociaux, dans la rue et chez les m\u00e9dias renseignent sur l\u2019ampleur du d\u00e9pit de tout un pays. On peut les r\u00e9sumer dans la c\u00e9l\u00e8bre maxime l\u00e9gu\u00e9e \u00e0 la post\u00e9rit\u00e9 par Antigone II, ancien roi de Mac\u00e9doine&nbsp;: \u00abDieu, gardez-moi de mes amis. Mes ennemis, je m\u2019en charge\u00bb.<\/p>\n\n\n\n<p>Notre confr\u00e8re et politologue \u00e9m\u00e9rite Hassan Alaoui, fondateur du site Maroc Diplomatique, se fend cette semaine d\u2019une analyse o\u00f9 l\u2019on mesure bien la mouise politique du Premier ministre Pedro Sanchez&nbsp;: \u00abLe pr\u00e9sident du gouvernement espagnol, particuli\u00e8rement sensible aux critiques sur ses prestations et qui ne supporte pas du tout la contradiction, est furieux d\u2019apprendre que les services de renseignement de son pays le consid\u00e8rent comme n\u2019ayant pas l\u2019\u00e9toffe de la responsabilit\u00e9 qu\u2019il occupe, du fait qu\u2019il s\u2019est laiss\u00e9 envahir par ses \u00e9motions personnelles dans une vaine tentative de s\u2019affirmer face au leadership international du Roi Mohammed VI, tout en s\u2019obstinant \u00e0 vouloir provoquer le Maroc, un partenaire fiable et privil\u00e9gi\u00e9 de l\u2019Espagne et de l\u2019ensemble des pays de l\u2019Union Europ\u00e9enne\u00bb<em>.<\/em> La messe est dite.<\/p>\n\n\n\n<p>Arancha Gonzalez Laya, ministre des Affaires \u00e9trang\u00e8res, de l\u2019Union Europ\u00e9enne et de la Coop\u00e9ration dans le cabinet Sanchez, a pour sa part r\u00e9v\u00e9l\u00e9 tout r\u00e9cemment l\u2019extraordinaire amateurisme de sa gestion du dossier. Sur le plateau de l\u2019\u00e9mission \u00abHor por hoy\u00bb, diffus\u00e9e par la radio Cadena SER, elle a dit vouloir rester \u00abDiscr\u00e8te\u00bb sur la situation diplomatique avec Rabat afin de \u00abR\u00e9orienter la situation. Nous allons d\u00e9samorcer la tension avec le Maroc avec discr\u00e9tion et peu de bruit\u00bb. Pompier et pyromane \u00e0 la fois, voil\u00e0 un r\u00f4le taill\u00e9 sur mesure pour certains membres &#8211; et non des moindres &#8211; de l\u2019Ex\u00e9cutif espagnol.<\/p>\n\n\n\n<p>M\u2019fadel El Halaissi, chroniqueur sur nos colonnes et banquier au long cours, \u00e9crit dans ce num\u00e9ro (pages 12 \u00e0 14) que \u00abCette crise cr\u00e9\u00e9e par l\u2019Espagne a mis le Royaume du Maroc devant des choix strat\u00e9giques et orientations prioritaires pour l\u2019ancrage de la nation marocaine dans son environnement g\u00e9opolitique pour les d\u00e9cennies, voire le si\u00e8cle \u00e0 venir\u00bb. Expert en prospective de l\u2019\u00e9conomie, il estime par ailleurs qu\u2019\u00aben ali\u00e9nant son \u00e9conomie \u00e0 l\u2019espace \u00e9conomique europ\u00e9en, le Maroc restera un satellite gravitant autour de la plan\u00e8te europ\u00e9enne. Le passif colonial continuera \u00e0 peser dans les rapports communs, en rappelant, \u00e0 chaque occasion o\u00f9 c\u2019est n\u00e9cessaire, le rang qu\u2019exige le colonisateur du colonis\u00e9\u00bb.<\/p>\n\n\n\n<p>Oui, et nous l\u2019avons soulev\u00e9 ici m\u00eame la semaine \u00e9coul\u00e9e, \u00e0 propos des vraies fausses amiti\u00e9s, il est peut-\u00eatre temps maintenant de regarder ailleurs&nbsp;!<\/p>\n","protected":false},"excerpt":{"rendered":"<p>PAR HASSAN EL ARCH \u00c7a s\u2019appelle se tirer une balle dans le pied. La fuite en avant est forc\u00e9ment plus p\u00e9nible&nbsp;! Voil\u00e0 le path\u00e9tique spectacle que nous offre l\u2019Ex\u00e9cutif espagnol, en ces langueurs estivales qui commencent. Le Chef du gouvernement comme la Cheffe de la diplomatie sont dans l\u2019\u0153il du cyclone. Le premier face aux &hellip;<\/p>\n","protected":false},"author":9,"featured_media":1323,"comment_status":"open","ping_status":"closed","sticky":false,"template":"","format":"standard","meta":{"footnotes":""},"categories":[44],"tags":[],"class_list":["post-6090","post","type-post","status-publish","format-standard","has-post-thumbnail","hentry","category-edito"],"_links":{"self":[{"href":"https:\/\/letempsmag.ma\/index.php?rest_route=\/wp\/v2\/posts\/6090","targetHints":{"allow":["GET"]}}],"collection":[{"href":"https:\/\/letempsmag.ma\/index.php?rest_route=\/wp\/v2\/posts"}],"about":[{"href":"https:\/\/letempsmag.ma\/index.php?rest_route=\/wp\/v2\/types\/post"}],"author":[{"embeddable":true,"href":"https:\/\/letempsmag.ma\/index.php?rest_route=\/wp\/v2\/users\/9"}],"replies":[{"embeddable":true,"href":"https:\/\/letempsmag.ma\/index.php?rest_route=%2Fwp%2Fv2%2Fcomments&post=6090"}],"version-history":[{"count":1,"href":"https:\/\/letempsmag.ma\/index.php?rest_route=\/wp\/v2\/posts\/6090\/revisions"}],"predecessor-version":[{"id":6091,"href":"https:\/\/letempsmag.ma\/index.php?rest_route=\/wp\/v2\/posts\/6090\/revisions\/6091"}],"wp:featuredmedia":[{"embeddable":true,"href":"https:\/\/letempsmag.ma\/index.php?rest_route=\/wp\/v2\/media\/1323"}],"wp:attachment":[{"href":"https:\/\/letempsmag.ma\/index.php?rest_route=%2Fwp%2Fv2%2Fmedia&parent=6090"}],"wp:term":[{"taxonomy":"category","embeddable":true,"href":"https:\/\/letempsmag.ma\/index.php?rest_route=%2Fwp%2Fv2%2Fcategories&post=6090"},{"taxonomy":"post_tag","embeddable":true,"href":"https:\/\/letempsmag.ma\/index.php?rest_route=%2Fwp%2Fv2%2Ftags&post=6090"}],"curies":[{"name":"wp","href":"https:\/\/api.w.org\/{rel}","templated":true}]}}