{"id":6016,"date":"2021-06-25T09:34:47","date_gmt":"2021-06-25T09:34:47","guid":{"rendered":"https:\/\/letempsmag.ma\/?p=6016"},"modified":"2021-06-25T09:34:48","modified_gmt":"2021-06-25T09:34:48","slug":"assilah-renoue-avec-son-celebre-moussem-estival","status":"publish","type":"post","link":"https:\/\/letempsmag.ma\/?p=6016","title":{"rendered":"Assilah renoue avec son c\u00e9l\u00e8bre Moussem estival"},"content":{"rendered":"\n<p>La 42<sup>\u00e8me<\/sup> \u00e9dition du Moussem Culturel International d\u2019Assilah est organis\u00e9e, \u00e0 partir de cette semaine, en sessions d\u2019\u00e9t\u00e9 et d\u2019automne, \u00e0 l\u2019initiative de la Fondation du Forum d\u2019Assilah, sous le Haut Patronage de S.M. le Roi Mohammed VI. La premi\u00e8re session de cette \u00e9dition, organis\u00e9e en partenariat avec le minist\u00e8re de la Culture, de la Jeunesse et des Sports (d\u00e9partement de la Culture) et la Commune d\u2019Assilah est consacr\u00e9e du 25 juin au 18 juillet aux arts plastiques. Cette session sera ponctu\u00e9e par un colloque sur \u00abLe r\u00f4le de l\u2019\u00e9conomie cr\u00e9ative dans le d\u00e9veloppement\u00bb qui se tiendra du 9 au 11 juillet, en partenariat avec l\u2019Organisation Arabe pour l\u2019\u00c9ducation, la Culture et les Sciences (ALECSO). Le Forum M\u00e9diterran\u00e9en de la Jeunesse au Maroc (FOMEJ) est charg\u00e9 de la supervision des aspects organisationnels de ce colloque qui verra la participation d\u2019une trentaine de sp\u00e9cialistes du Royaume et des pays membres de la Ligue des \u00c9tats arabes.<\/p>\n\n\n\n<p>Au programme de cette session d\u2019\u00e9t\u00e9, figurent aussi l\u2019organisation d\u2019un atelier de peinture murale (organis\u00e9 chaque \u00e9t\u00e9 depuis 1978), qui sera anim\u00e9 cette ann\u00e9e par 11 artistes dans les diff\u00e9rentes ruelles de la m\u00e9dina d\u2019Assilah, du 25 juin au 3 juillet. \u00c9galement pr\u00e9vus, des ateliers de sculpture et de peinture avec la participation d\u2019une dizaine d\u2019artistes, ainsi qu\u2019un atelier de peinture murale pour les enfants d\u2019Assilah dans les jardins du Palais de la Culture, en plus d\u2019une exposition des Rabiiyat (Printemps d\u2019Assilah 2021), au Centre Hassan II des Rencontres Internationales.<\/p>\n\n\n\n<p><strong>A. A.<\/strong><\/p>\n","protected":false},"excerpt":{"rendered":"<p>La 42\u00e8me \u00e9dition du Moussem Culturel International d\u2019Assilah est organis\u00e9e, \u00e0 partir de cette semaine, en sessions d\u2019\u00e9t\u00e9 et d\u2019automne, \u00e0 l\u2019initiative de la Fondation du Forum d\u2019Assilah, sous le Haut Patronage de S.M. le Roi Mohammed VI. La premi\u00e8re session de cette \u00e9dition, organis\u00e9e en partenariat avec le minist\u00e8re de la Culture, de la &hellip;<\/p>\n","protected":false},"author":9,"featured_media":6017,"comment_status":"open","ping_status":"closed","sticky":false,"template":"","format":"standard","meta":{"footnotes":""},"categories":[51],"tags":[],"class_list":["post-6016","post","type-post","status-publish","format-standard","has-post-thumbnail","hentry","category-culture"],"_links":{"self":[{"href":"https:\/\/letempsmag.ma\/index.php?rest_route=\/wp\/v2\/posts\/6016","targetHints":{"allow":["GET"]}}],"collection":[{"href":"https:\/\/letempsmag.ma\/index.php?rest_route=\/wp\/v2\/posts"}],"about":[{"href":"https:\/\/letempsmag.ma\/index.php?rest_route=\/wp\/v2\/types\/post"}],"author":[{"embeddable":true,"href":"https:\/\/letempsmag.ma\/index.php?rest_route=\/wp\/v2\/users\/9"}],"replies":[{"embeddable":true,"href":"https:\/\/letempsmag.ma\/index.php?rest_route=%2Fwp%2Fv2%2Fcomments&post=6016"}],"version-history":[{"count":1,"href":"https:\/\/letempsmag.ma\/index.php?rest_route=\/wp\/v2\/posts\/6016\/revisions"}],"predecessor-version":[{"id":6018,"href":"https:\/\/letempsmag.ma\/index.php?rest_route=\/wp\/v2\/posts\/6016\/revisions\/6018"}],"wp:featuredmedia":[{"embeddable":true,"href":"https:\/\/letempsmag.ma\/index.php?rest_route=\/wp\/v2\/media\/6017"}],"wp:attachment":[{"href":"https:\/\/letempsmag.ma\/index.php?rest_route=%2Fwp%2Fv2%2Fmedia&parent=6016"}],"wp:term":[{"taxonomy":"category","embeddable":true,"href":"https:\/\/letempsmag.ma\/index.php?rest_route=%2Fwp%2Fv2%2Fcategories&post=6016"},{"taxonomy":"post_tag","embeddable":true,"href":"https:\/\/letempsmag.ma\/index.php?rest_route=%2Fwp%2Fv2%2Ftags&post=6016"}],"curies":[{"name":"wp","href":"https:\/\/api.w.org\/{rel}","templated":true}]}}