{"id":44349,"date":"2026-04-30T12:25:18","date_gmt":"2026-04-30T11:25:18","guid":{"rendered":"https:\/\/letempsmag.ma\/?p=44349"},"modified":"2026-04-30T12:25:18","modified_gmt":"2026-04-30T11:25:18","slug":"le-world-agriculture-forum-morocco-est-lance","status":"publish","type":"post","link":"https:\/\/letempsmag.ma\/?p=44349","title":{"rendered":"Le World Agriculture Forum Morocco est lanc\u00e9"},"content":{"rendered":"\n<p>Lors de la r\u00e9cente \u00e9dition du Salon International de l\u2019Agriculture au Maroc (SIAM), \u00e9v\u00e9nement de r\u00e9f\u00e9rence pour le secteur agricole au Maroc et en Afrique, le World Agriculture Forum (WAF) a annonc\u00e9 le lancement officiel du \u00abWorld Agriculture Forum Morocco\u00bb, son Country Council au Maroc.<\/p>\n\n\n\n<p>Cet \u00e9v\u00e9nement s\u2019est tenu en pr\u00e9sence de MJ Khan, Directeur Ex\u00e9cutif du World Agriculture Forum, de Faissal Sehbaoui, Directeur R\u00e9gional du World Agriculture Forum Morocco, ainsi que des membres du WAF Morocco repr\u00e9sentant diff\u00e9rents segments de l\u2019\u00e9cosyst\u00e8me agricole national.<\/p>\n\n\n\n<p>En marge de cet \u00e9v\u00e9nement, un m\u00e9morandum d\u2019entente a \u00e9t\u00e9 sign\u00e9, officialisant la cr\u00e9ation du World Agriculture Forum Morocco en tant que plateforme nationale int\u00e9gr\u00e9e au r\u00e9seau mondial du WAF. Cette signature marque une \u00e9tape structurante dans la mise en place d\u2019un cadre de dialogue strat\u00e9gique et de coop\u00e9ration autour des grands enjeux agricoles, \u00e0 l\u2019\u00e9chelle nationale et internationale.<\/p>\n\n\n\n<p><strong><em>Une plateforme nationale connect\u00e9e \u00e0 un r\u00e9seau mondial<\/em><\/strong><\/p>\n\n\n\n<p>Le World Agriculture Forum Morocco a pour vocation de rassembler l\u2019ensemble des acteurs de l\u2019\u00e9cosyst\u00e8me agricole&nbsp;:<\/p>\n\n\n\n<p>&#8211; D\u00e9cideurs publics.<\/p>\n\n\n\n<p>&#8211; Agriculteurs et coop\u00e9ratives.<\/p>\n\n\n\n<p>&#8211; Acteurs de l\u2019agro-industrie.<\/p>\n\n\n\n<p>&#8211; Institutions financi\u00e8res.<\/p>\n\n\n\n<p>&#8211; Chercheurs et centres d\u2019innovation.<\/p>\n\n\n\n<p>&#8211; Partenaires de d\u00e9veloppement.<\/p>\n\n\n\n<p>En tant que relais du r\u00e9seau international du World Agriculture Forum, le consulat r\u00e9gional contribuera \u00e0 aligner les priorit\u00e9s agricoles nationales avec les dynamiques globales, tout en valorisant les sp\u00e9cificit\u00e9s et le potentiel du Maroc.<\/p>\n\n\n\n<p><strong><em>Acc\u00e9l\u00e9rer la transition agricole<\/em><\/strong><\/p>\n\n\n\n<p>Dans un contexte marqu\u00e9 par les d\u00e9fis climatiques, hydriques et \u00e9conomiques, le WAF Morocco ambitionne de&nbsp;:<\/p>\n\n\n\n<p>&#8211; Renforcer les cha\u00eenes de valeur agricoles.<\/p>\n\n\n\n<p>&#8211; Encourager l\u2019innovation technologique.<\/p>\n\n\n\n<p>&#8211; Faciliter les partenariats public-priv\u00e9.<\/p>\n\n\n\n<p>&#8211; Promouvoir les \u00e9changes de connaissances.<\/p>\n\n\n\n<p>&#8211; Soutenir une agriculture durable, inclusive et comp\u00e9titive.<\/p>\n\n\n\n<p>MJ Khan a d\u00e9clar\u00e9&nbsp;: \u00abLe lancement du World Agriculture Forum Morocco refl\u00e8te notre engagement \u00e0 enrichir la collaboration globale en renfor\u00e7ant les plateformes nationales. Le Maroc joue un r\u00f4le strat\u00e9gique dans le d\u00e9veloppement futur de l\u2019agriculture en Afrique et ailleurs\u00bb.<\/p>\n\n\n\n<p>Pour sa part, Faissal Sehbaoui a soulign\u00e9&nbsp;: \u00abLa cr\u00e9ation de l\u2019antenne WAF Morocco marque une \u00e9tape cl\u00e9 dans la structuration d\u2019une plateforme nationale qui relie les parties prenantes et acc\u00e9l\u00e8re la transition vers des syst\u00e8mes agricoles durables et r\u00e9silients\u00bb.<\/p>\n\n\n\n<p><strong><em>Une ambition nationale et internationale<\/em><\/strong><\/p>\n\n\n\n<p>\u00c0 travers cette initiative, le Maroc renforce son positionnement en tant qu\u2019acteur cl\u00e9 de l\u2019agriculture en Afrique et dans la r\u00e9gion m\u00e9diterran\u00e9enne, tout en contribuant activement aux dynamiques globales de s\u00e9curit\u00e9 alimentaire et de durabilit\u00e9. Le World Agriculture Forum Morocco se positionne ainsi comme un catalyseur de dialogue, d\u2019innovation et de coop\u00e9ration, au croisement des priorit\u00e9s nationales et des enjeux internationaux.<\/p>\n","protected":false},"excerpt":{"rendered":"<p>Lors de la r\u00e9cente \u00e9dition du Salon International de l\u2019Agriculture au Maroc (SIAM), \u00e9v\u00e9nement de r\u00e9f\u00e9rence pour le secteur agricole au Maroc et en Afrique, le World Agriculture Forum (WAF) a annonc\u00e9 le lancement officiel du \u00abWorld Agriculture Forum Morocco\u00bb, son Country Council au Maroc. Cet \u00e9v\u00e9nement s\u2019est tenu en pr\u00e9sence de MJ Khan, Directeur &hellip;<\/p>\n","protected":false},"author":9,"featured_media":44345,"comment_status":"open","ping_status":"closed","sticky":false,"template":"","format":"standard","meta":{"footnotes":""},"categories":[1661],"tags":[],"class_list":["post-44349","post","type-post","status-publish","format-standard","has-post-thumbnail","hentry","category-en-marge-du-siam"],"_links":{"self":[{"href":"https:\/\/letempsmag.ma\/index.php?rest_route=\/wp\/v2\/posts\/44349","targetHints":{"allow":["GET"]}}],"collection":[{"href":"https:\/\/letempsmag.ma\/index.php?rest_route=\/wp\/v2\/posts"}],"about":[{"href":"https:\/\/letempsmag.ma\/index.php?rest_route=\/wp\/v2\/types\/post"}],"author":[{"embeddable":true,"href":"https:\/\/letempsmag.ma\/index.php?rest_route=\/wp\/v2\/users\/9"}],"replies":[{"embeddable":true,"href":"https:\/\/letempsmag.ma\/index.php?rest_route=%2Fwp%2Fv2%2Fcomments&post=44349"}],"version-history":[{"count":1,"href":"https:\/\/letempsmag.ma\/index.php?rest_route=\/wp\/v2\/posts\/44349\/revisions"}],"predecessor-version":[{"id":44350,"href":"https:\/\/letempsmag.ma\/index.php?rest_route=\/wp\/v2\/posts\/44349\/revisions\/44350"}],"wp:featuredmedia":[{"embeddable":true,"href":"https:\/\/letempsmag.ma\/index.php?rest_route=\/wp\/v2\/media\/44345"}],"wp:attachment":[{"href":"https:\/\/letempsmag.ma\/index.php?rest_route=%2Fwp%2Fv2%2Fmedia&parent=44349"}],"wp:term":[{"taxonomy":"category","embeddable":true,"href":"https:\/\/letempsmag.ma\/index.php?rest_route=%2Fwp%2Fv2%2Fcategories&post=44349"},{"taxonomy":"post_tag","embeddable":true,"href":"https:\/\/letempsmag.ma\/index.php?rest_route=%2Fwp%2Fv2%2Ftags&post=44349"}],"curies":[{"name":"wp","href":"https:\/\/api.w.org\/{rel}","templated":true}]}}