{"id":44338,"date":"2026-04-28T23:39:30","date_gmt":"2026-04-28T22:39:30","guid":{"rendered":"https:\/\/letempsmag.ma\/?p=44338"},"modified":"2026-04-28T23:39:31","modified_gmt":"2026-04-28T22:39:31","slug":"taha-nouri-en-concert-a-rabat-sur-une-scene-entre-heritage-et-modernite","status":"publish","type":"post","link":"https:\/\/letempsmag.ma\/?p=44338","title":{"rendered":"Taha Nouri en concert \u00e0 Rabat, sur une sc\u00e8ne entre h\u00e9ritage et modernit\u00e9"},"content":{"rendered":"\n<p>Le 2 mai prochain, la sc\u00e8ne culturelle de Rabat s\u2019appr\u00eate \u00e0 accueillir un rendez-vous musical sp\u00e9cial. La Salle Bahnini ouvrira, en effet, ses portes \u00e0 Taha Nouri pour un concert qui promet de m\u00ealer h\u00e9ritage et modernit\u00e9 dans une proposition artistique immersive.<\/p>\n\n\n\n<p>Port\u00e9 par une identit\u00e9 musicale en pleine construction, l\u2019artiste s\u2019inscrit dans une g\u00e9n\u00e9ration qui revisite les codes traditionnels marocains \u00e0 l\u2019aune des sonorit\u00e9s contemporaines. Entre influences locales et ouverture internationale nourrie par un parcours partag\u00e9 entre le Maroc et le Canada, Taha Nouri fa\u00e7onne un univers \u00e0 la fois accessible et profond\u00e9ment ancr\u00e9 dans la culture marocaine.<\/p>\n\n\n\n<p>R\u00e9v\u00e9l\u00e9 au grand public gr\u00e2ce \u00e0 plusieurs titres \u00e0 succ\u00e8s, il a su f\u00e9d\u00e9rer un public sensible \u00e0 l\u2019authenticit\u00e9 de sa d\u00e9marche. Sur sc\u00e8ne, il entend aller plus loin en proposant une lecture renouvel\u00e9e de son r\u00e9pertoire, accompagn\u00e9 de ses musiciens. Le concert sera \u00e9galement l\u2019occasion de d\u00e9voiler de nouvelles compositions, issues de son prochain album, offrant ainsi une dimension in\u00e9dite \u00e0 cette performance.<\/p>\n\n\n\n<p>Au-del\u00e0 de la musique, les organisateurs annoncent une sc\u00e9nographie travaill\u00e9e, pens\u00e9e comme un v\u00e9ritable voyage sensoriel. L\u2019objectif&nbsp;: instaurer une proximit\u00e9 avec le public et transformer la soir\u00e9e en moment de partage.<\/p>\n\n\n\n<p>Produit par Prime Scene, l\u2019\u00e9v\u00e9nement s\u2019inscrit dans une dynamique culturelle en plein essor au Maroc, o\u00f9 de nouveaux talents contribuent \u00e0 faire rayonner la sc\u00e8ne nationale. Pr\u00e9vu \u00e0 20h30, le 2 mai, ce concert s\u2019annonce d\u2019ores et d\u00e9j\u00e0 comme l\u2019un des temps forts du printemps pour les amateurs de musique live.<\/p>\n\n\n\n<p><strong>L. F.<\/strong><\/p>\n","protected":false},"excerpt":{"rendered":"<p>Le 2 mai prochain, la sc\u00e8ne culturelle de Rabat s\u2019appr\u00eate \u00e0 accueillir un rendez-vous musical sp\u00e9cial. La Salle Bahnini ouvrira, en effet, ses portes \u00e0 Taha Nouri pour un concert qui promet de m\u00ealer h\u00e9ritage et modernit\u00e9 dans une proposition artistique immersive. Port\u00e9 par une identit\u00e9 musicale en pleine construction, l\u2019artiste s\u2019inscrit dans une g\u00e9n\u00e9ration &hellip;<\/p>\n","protected":false},"author":9,"featured_media":44321,"comment_status":"open","ping_status":"closed","sticky":false,"template":"","format":"standard","meta":{"footnotes":""},"categories":[934],"tags":[],"class_list":["post-44338","post","type-post","status-publish","format-standard","has-post-thumbnail","hentry","category-spectacle"],"_links":{"self":[{"href":"https:\/\/letempsmag.ma\/index.php?rest_route=\/wp\/v2\/posts\/44338","targetHints":{"allow":["GET"]}}],"collection":[{"href":"https:\/\/letempsmag.ma\/index.php?rest_route=\/wp\/v2\/posts"}],"about":[{"href":"https:\/\/letempsmag.ma\/index.php?rest_route=\/wp\/v2\/types\/post"}],"author":[{"embeddable":true,"href":"https:\/\/letempsmag.ma\/index.php?rest_route=\/wp\/v2\/users\/9"}],"replies":[{"embeddable":true,"href":"https:\/\/letempsmag.ma\/index.php?rest_route=%2Fwp%2Fv2%2Fcomments&post=44338"}],"version-history":[{"count":1,"href":"https:\/\/letempsmag.ma\/index.php?rest_route=\/wp\/v2\/posts\/44338\/revisions"}],"predecessor-version":[{"id":44339,"href":"https:\/\/letempsmag.ma\/index.php?rest_route=\/wp\/v2\/posts\/44338\/revisions\/44339"}],"wp:featuredmedia":[{"embeddable":true,"href":"https:\/\/letempsmag.ma\/index.php?rest_route=\/wp\/v2\/media\/44321"}],"wp:attachment":[{"href":"https:\/\/letempsmag.ma\/index.php?rest_route=%2Fwp%2Fv2%2Fmedia&parent=44338"}],"wp:term":[{"taxonomy":"category","embeddable":true,"href":"https:\/\/letempsmag.ma\/index.php?rest_route=%2Fwp%2Fv2%2Fcategories&post=44338"},{"taxonomy":"post_tag","embeddable":true,"href":"https:\/\/letempsmag.ma\/index.php?rest_route=%2Fwp%2Fv2%2Ftags&post=44338"}],"curies":[{"name":"wp","href":"https:\/\/api.w.org\/{rel}","templated":true}]}}