{"id":44314,"date":"2026-04-28T09:05:18","date_gmt":"2026-04-28T08:05:18","guid":{"rendered":"https:\/\/letempsmag.ma\/?p=44314"},"modified":"2026-04-28T09:05:19","modified_gmt":"2026-04-28T08:05:19","slug":"souss-massa-et-les-iles-canaries-veulent-mieux-cooperer","status":"publish","type":"post","link":"https:\/\/letempsmag.ma\/?p=44314","title":{"rendered":"Souss-Massa et les \u00celes Canaries veulent mieux coop\u00e9rer"},"content":{"rendered":"\n<p>Une d\u00e9l\u00e9gation de la r\u00e9gion Souss-Massa, conduite par le Pr\u00e9sident du Conseil de la r\u00e9gion, Karim Achengli, a entam\u00e9 hier lundi une visite de travail aux \u00celes Canaries, avec pour objectif de renforcer les relations bilat\u00e9rales et de construire des partenariats \u00e0 fort impact. Une visite de quatre jours inscrite dans la continuit\u00e9 des \u00e9changes d\u00e9j\u00e0 engag\u00e9s entre les deux parties et t\u00e9moigne d\u2019une volont\u00e9 commune de consolider une coop\u00e9ration d\u00e9centralis\u00e9e davantage tourn\u00e9e vers l\u2019avenir, a soulign\u00e9 Karim Achengli lors d\u2019une r\u00e9union r\u00e9unissant responsables institutionnels et acteurs \u00e9conomiques marocains et espagnols. Elle s\u2019inscrit \u00e9galement dans le cadre des Hautes Orientations Royales visant \u00e0 acc\u00e9l\u00e9rer la mise en \u0153uvre de la r\u00e9gionalisation avanc\u00e9e, d\u00e9sormais dot\u00e9e d\u2019un programme d\u2019investissement de 210 milliards de DH, soit environ 20 milliards d\u2019Euros sur 8 ans, destin\u00e9 \u00e0 promouvoir un d\u00e9veloppement territorial int\u00e9gr\u00e9, a-t-il ajout\u00e9.<\/p>\n\n\n\n<p><strong><em>13 secteurs d\u2019activit\u00e9 identifi\u00e9s<\/em><\/strong><\/p>\n\n\n\n<p>Selon le pr\u00e9sident du Conseil de la r\u00e9gion Souss-Massa, cette r\u00e9forme ambitionne de transformer les r\u00e9gions en v\u00e9ritables p\u00f4les de d\u00e9veloppement \u00e9conomique et d\u2019\u00e9quilibre territorial, \u00e0 travers un \u00c9tat strat\u00e8ge, une d\u00e9concentration accrue et un renforcement des ressources financi\u00e8res r\u00e9gionales.<\/p>\n\n\n\n<p>\u00c0 cette occasion, 13 secteurs d\u2019activit\u00e9 et 23 sous-secteurs ont \u00e9t\u00e9 identifi\u00e9s et partag\u00e9s avec les partenaires canariens en amont de cette rencontre. Il s\u2019agit notamment de l\u2019aquaculture, du tourisme, de l\u2019investissement, des nouvelles technologies, des infrastructures portuaires, de la formation et de l\u2019innovation, des secteurs dans lesquels les deux territoires disposent d\u2019atouts r\u00e9els et de besoins compl\u00e9mentaires, a-t-il pr\u00e9cis\u00e9. Ces secteurs, a ajout\u00e9 Karim Achengli, constitueront le socle d\u2019une coop\u00e9ration active et durable, appel\u00e9e \u00e0 se traduire par des projets structur\u00e9s, ambitieux et mutuellement b\u00e9n\u00e9fiques. \u00c0 cet effet, 12 rencontres et 14 r\u00e9unions sectorielles sont pr\u00e9vues, ainsi que plusieurs visites de terrain.<\/p>\n\n\n\n<p>De son c\u00f4t\u00e9, le Pr\u00e9sident du gouvernement des \u00celes Canaries, Fernando Clavijo (\u00e0 droite sur la photo), a indiqu\u00e9 que la visite de la d\u00e9l\u00e9gation marocaine s\u2019inscrit dans le prolongement d\u2019une nouvelle dynamique de coop\u00e9ration fond\u00e9e sur la confiance, le respect institutionnel et des objectifs concrets. Il a relev\u00e9 que cette coop\u00e9ration vise \u00e0 d\u00e9passer le cadre des intentions pour se traduire par des projets tangibles, g\u00e9n\u00e9rateurs d\u2019opportunit\u00e9s \u00e9conomiques, de cr\u00e9ation d\u2019emplois et de partage de connaissances, dans des secteurs strat\u00e9giques tels que l\u2019\u00e9conomie bleue, le tourisme, l\u2019innovation, l\u2019\u00e9nergie, la gestion de l\u2019eau et la logistique.<\/p>\n\n\n\n<p>Le haut responsable canarien a \u00e9galement mis en avant le r\u00f4le central des acteurs \u00e9conomiques, universitaires et technologiques dans cette dynamique, soulignant la n\u00e9cessit\u00e9 de renforcer les \u00e9changes commerciaux, la coop\u00e9ration scientifique et la mobilit\u00e9 acad\u00e9mique. Il a, par ailleurs, insist\u00e9 sur l\u2019importance de la connectivit\u00e9 maritime et a\u00e9rienne pour consolider ce partenariat et positionner l\u2019axe Agadir-Canaries comme un corridor strat\u00e9gique d\u2019\u00e9changes dans l\u2019espace atlantique. Cette coop\u00e9ration s\u2019inscrit dans une vision plus large visant \u00e0 faire de la proximit\u00e9 g\u00e9ographique entre les deux r\u00e9gions un levier de d\u00e9veloppement partag\u00e9, au service de la stabilit\u00e9 et de la prosp\u00e9rit\u00e9 des deux rives, a-t-il indiqu\u00e9.<\/p>\n\n\n\n<p><strong><em>Une importante d\u00e9l\u00e9gation marocaine<\/em><\/strong><\/p>\n\n\n\n<p>Dans une d\u00e9claration \u00e0 la MAP, la Consule G\u00e9n\u00e9rale du Maroc \u00e0 Las Palmas, Fatiha El Kamouri, a expliqu\u00e9 que cette visite, qui s\u2019inscrit dans le prolongement de la mission effectu\u00e9e en janvier dernier \u00e0 Agadir par le pr\u00e9sident du gouvernement des \u00celes Canaries, intervient dans le cadre de la mise en \u0153uvre de la vision \u00e9clair\u00e9e de S.M. le Roi Mohammed VI, fond\u00e9e sur l\u2019ouverture du Royaume sur son environnement r\u00e9gional et international et le d\u00e9veloppement de partenariats strat\u00e9giques reposant sur la coop\u00e9ration et la convergence des int\u00e9r\u00eats communs. Elle s\u2019ins\u00e8re \u00e9galement dans le cadre de la mise en \u0153uvre de la feuille de route \u00e9tablie lors de la r\u00e9cente rencontre entre le Chef du Gouvernement canarien et le Ministre des Affaires \u00e9trang\u00e8res, de la Coop\u00e9ration africaine et des Marocains r\u00e9sidant \u00e0 l\u2019\u00e9tranger, Nasser Bourita, visant \u00e0 encadrer la coop\u00e9ration entre le Maroc et l\u2019archipel des Canaries.<\/p>\n\n\n\n<p>Le processus de coop\u00e9ration entre le gouvernement canarien et la r\u00e9gion Souss-Massa porte notamment sur des secteurs cl\u00e9s tels que l\u2019aquaculture et la pisciculture, l\u2019industrie agroalimentaire et cosm\u00e9tique, le tourisme, l\u2019innovation et le d\u00e9veloppement technologique, la gestion de l\u2019eau et des \u00e9nergies renouvelables, la formation, la recherche scientifique, la construction navale et le sport.<\/p>\n","protected":false},"excerpt":{"rendered":"<p>Une d\u00e9l\u00e9gation de la r\u00e9gion Souss-Massa, conduite par le Pr\u00e9sident du Conseil de la r\u00e9gion, Karim Achengli, a entam\u00e9 hier lundi une visite de travail aux \u00celes Canaries, avec pour objectif de renforcer les relations bilat\u00e9rales et de construire des partenariats \u00e0 fort impact. Une visite de quatre jours inscrite dans la continuit\u00e9 des \u00e9changes &hellip;<\/p>\n","protected":false},"author":9,"featured_media":44304,"comment_status":"open","ping_status":"closed","sticky":false,"template":"","format":"standard","meta":{"footnotes":""},"categories":[203],"tags":[],"class_list":["post-44314","post","type-post","status-publish","format-standard","has-post-thumbnail","hentry","category-cooperation"],"_links":{"self":[{"href":"https:\/\/letempsmag.ma\/index.php?rest_route=\/wp\/v2\/posts\/44314","targetHints":{"allow":["GET"]}}],"collection":[{"href":"https:\/\/letempsmag.ma\/index.php?rest_route=\/wp\/v2\/posts"}],"about":[{"href":"https:\/\/letempsmag.ma\/index.php?rest_route=\/wp\/v2\/types\/post"}],"author":[{"embeddable":true,"href":"https:\/\/letempsmag.ma\/index.php?rest_route=\/wp\/v2\/users\/9"}],"replies":[{"embeddable":true,"href":"https:\/\/letempsmag.ma\/index.php?rest_route=%2Fwp%2Fv2%2Fcomments&post=44314"}],"version-history":[{"count":1,"href":"https:\/\/letempsmag.ma\/index.php?rest_route=\/wp\/v2\/posts\/44314\/revisions"}],"predecessor-version":[{"id":44315,"href":"https:\/\/letempsmag.ma\/index.php?rest_route=\/wp\/v2\/posts\/44314\/revisions\/44315"}],"wp:featuredmedia":[{"embeddable":true,"href":"https:\/\/letempsmag.ma\/index.php?rest_route=\/wp\/v2\/media\/44304"}],"wp:attachment":[{"href":"https:\/\/letempsmag.ma\/index.php?rest_route=%2Fwp%2Fv2%2Fmedia&parent=44314"}],"wp:term":[{"taxonomy":"category","embeddable":true,"href":"https:\/\/letempsmag.ma\/index.php?rest_route=%2Fwp%2Fv2%2Fcategories&post=44314"},{"taxonomy":"post_tag","embeddable":true,"href":"https:\/\/letempsmag.ma\/index.php?rest_route=%2Fwp%2Fv2%2Ftags&post=44314"}],"curies":[{"name":"wp","href":"https:\/\/api.w.org\/{rel}","templated":true}]}}