{"id":44312,"date":"2026-04-28T09:04:36","date_gmt":"2026-04-28T08:04:36","guid":{"rendered":"https:\/\/letempsmag.ma\/?p=44312"},"modified":"2026-04-28T09:04:37","modified_gmt":"2026-04-28T08:04:37","slug":"mawazine-annonce-ninho-a-rabat-pour-louverture-de-sa-21eme-edition","status":"publish","type":"post","link":"https:\/\/letempsmag.ma\/?p=44312","title":{"rendered":"Mawazine annonce Ninho \u00e0 Rabat pour l\u2019ouverture de sa 21\u00e8me \u00e9dition"},"content":{"rendered":"\n<p>Sous le Haut Patronage de S.M. la sc\u00e8ne internationale de l\u2019OLM Souissi, \u00e0 Rabat, accueillera le rappeur fran\u00e7ais Ninho pour l\u2019ouverture du Festival Mawazine, Rythmes du Monde, dans le cadre de sa 21<sup>\u00e8me<\/sup> \u00e9dition, du 19 au 27 juin 2026 \u00e0 Rabat et Sal\u00e9.<\/p>\n\n\n\n<p>Fid\u00e8le \u00e0 sa vocation fondatrice, Mawazine continuera de proposer une programmation ouverte, plurielle et accessible, avec l\u2019ambition de faire vivre au public une exp\u00e9rience musicale \u00e0 la hauteur de l\u2019histoire du festival. Avec 90% de ses concerts propos\u00e9s en acc\u00e8s gratuit, Mawazine demeure un \u00e9v\u00e9nement populaire et f\u00e9d\u00e9rateur, pens\u00e9 pour tous les publics et toutes les g\u00e9n\u00e9rations. Cette exigence d\u2019accessibilit\u00e9, associ\u00e9e \u00e0 une programmation de haut niveau, a permis au festival de r\u00e9unir des millions de festivaliers et de s\u2019imposer comme le premier festival de musique dans le monde.&nbsp;<\/p>\n\n\n\n<p><strong><em>Une premi\u00e8re annonce tr\u00e8s attendue<\/em><\/strong><\/p>\n\n\n\n<p>Pour cette nouvelle \u00e9dition, Mawazine d\u00e9voile une premi\u00e8re annonce qui \u00e9tait tr\u00e8s attendue&nbsp;: Ninho se produira sur la sc\u00e8ne internationale de l\u2019OLM Souissi le vendredi 19 juin. N\u00e9 en 1996, l\u2019artiste s\u2019impose d\u00e8s 2016 comme une figure incontournable du rap fran\u00e7ais avec sa mixtape \u00abM.I.L.S.\u00bb, qui marque le point de d\u00e9part d\u2019une trajectoire exceptionnelle. Depuis, il encha\u00eene les succ\u00e8s critiques et commerciaux, jusqu\u2019\u00e0 inscrire son nom dans l\u2019histoire avec quatre albums certifi\u00e9s disque de diamant, une performance rare qui confirme la puissance de son \u00e9criture, la solidit\u00e9 de son univers musical et sa capacit\u00e9 \u00e0 f\u00e9d\u00e9rer un public massif.<\/p>\n\n\n\n<p>Cette premi\u00e8re date ouvre une s\u00e9rie d\u2019annonces qui viendront progressivement d\u00e9voiler les contours de la programmation 2026. Dans l\u2019esprit qui fait sa force depuis plus de 20 ans, Mawazine r\u00e9unira de grands noms de la sc\u00e8ne internationale, des artistes orientaux de premier plan, des rythmes venus du monde entier, ainsi que les talents marocains qui constituent l\u2019un des piliers essentiels du festival.<\/p>\n\n\n\n<p><strong><em>Rayonnement culturel du Maroc<\/em><\/strong><\/p>\n\n\n\n<p>\u00c0 travers cette 21<sup>\u00e8me<\/sup> \u00e9dition, Mawazine poursuivra \u00e9galement son engagement en faveur du rayonnement culturel du Maroc. Le festival continuera de faire de Rabat et Sal\u00e9 une sc\u00e8ne \u00e0 ciel ouvert, au croisement des musiques, des publics et des cultures, tout en valorisant l\u2019image d\u2019un Royaume moderne, accueillant et profond\u00e9ment attach\u00e9 au dialogue entre les peuples.<\/p>\n\n\n\n<p>Au-del\u00e0 de sa dimension artistique, Mawazine confirme aussi son r\u00f4le dans la structuration de l\u2019\u00e9cosyst\u00e8me culturel et \u00e9v\u00e9nementiel national. Le festival contribue \u00e0 l\u2019activit\u00e9 des professionnels du tourisme, de l\u2019h\u00f4tellerie, de la restauration, du transport, de la technique, de la production et de la communication, tout en favorisant le d\u00e9veloppement d\u2019une industrie nationale de la musique et du spectacle.&nbsp;<\/p>\n\n\n\n<p>Apr\u00e8s une 20<sup>\u00e8me<\/sup> \u00e9dition anniversaire qui a rassembl\u00e9, en 2025, plus de 3,75 millions de festivaliers autour de plus de 100 artistes venus du monde entier, Mawazine donne ainsi rendez-vous au public, du 19 au 27 juin prochain, pour une nouvelle \u00e9dition plac\u00e9e sous le signe de la musique, de l\u2019\u00e9motion et du partage.&nbsp;<\/p>\n\n\n\n<p><strong><em>\u00c0 propos Mawazine-Rythmes du Monde<\/em><\/strong><\/p>\n\n\n\n<p>Depuis 2001, le Festival Mawazine-Rythmes du Monde est le rendez-vous incontournable de la sc\u00e8ne musicale marocaine et internationale. Chaque ann\u00e9e au mois de juin, cette manifestation unique en son genre fait vibrer la capitale Rabat aux sons d\u2019une musique ouverte aux quatre coins du monde gr\u00e2ce \u00e0 un programme riche et in\u00e9dit.<\/p>\n\n\n\n<p><strong><em>\u00c0 propos de l\u2019association Maroc Cultures<\/em><\/strong><\/p>\n\n\n\n<p>Cr\u00e9\u00e9e en 2001, conform\u00e9ment aux dispositions du Dahir du 15 novembre 1958, Maroc Cultures est une association \u00e0 but non lucratif qui a pour mission principale de garantir aux publics de la r\u00e9gion de Rabat-Sal\u00e9-K\u00e9nitra une animation culturelle et artistique d\u2019un niveau professionnel digne de la capitale du Royaume. En \u00e9cho aux valeurs fondamentales de la politique de d\u00e9veloppement du Souverain, Maroc Cultures concr\u00e9tise cette noble mission via le Festival Mawazine-Rythmes du Monde.<\/p>\n","protected":false},"excerpt":{"rendered":"<p>Sous le Haut Patronage de S.M. la sc\u00e8ne internationale de l\u2019OLM Souissi, \u00e0 Rabat, accueillera le rappeur fran\u00e7ais Ninho pour l\u2019ouverture du Festival Mawazine, Rythmes du Monde, dans le cadre de sa 21\u00e8me \u00e9dition, du 19 au 27 juin 2026 \u00e0 Rabat et Sal\u00e9. Fid\u00e8le \u00e0 sa vocation fondatrice, Mawazine continuera de proposer une programmation &hellip;<\/p>\n","protected":false},"author":9,"featured_media":44302,"comment_status":"open","ping_status":"closed","sticky":false,"template":"","format":"standard","meta":{"footnotes":""},"categories":[889],"tags":[],"class_list":["post-44312","post","type-post","status-publish","format-standard","has-post-thumbnail","hentry","category-festival"],"_links":{"self":[{"href":"https:\/\/letempsmag.ma\/index.php?rest_route=\/wp\/v2\/posts\/44312","targetHints":{"allow":["GET"]}}],"collection":[{"href":"https:\/\/letempsmag.ma\/index.php?rest_route=\/wp\/v2\/posts"}],"about":[{"href":"https:\/\/letempsmag.ma\/index.php?rest_route=\/wp\/v2\/types\/post"}],"author":[{"embeddable":true,"href":"https:\/\/letempsmag.ma\/index.php?rest_route=\/wp\/v2\/users\/9"}],"replies":[{"embeddable":true,"href":"https:\/\/letempsmag.ma\/index.php?rest_route=%2Fwp%2Fv2%2Fcomments&post=44312"}],"version-history":[{"count":1,"href":"https:\/\/letempsmag.ma\/index.php?rest_route=\/wp\/v2\/posts\/44312\/revisions"}],"predecessor-version":[{"id":44313,"href":"https:\/\/letempsmag.ma\/index.php?rest_route=\/wp\/v2\/posts\/44312\/revisions\/44313"}],"wp:featuredmedia":[{"embeddable":true,"href":"https:\/\/letempsmag.ma\/index.php?rest_route=\/wp\/v2\/media\/44302"}],"wp:attachment":[{"href":"https:\/\/letempsmag.ma\/index.php?rest_route=%2Fwp%2Fv2%2Fmedia&parent=44312"}],"wp:term":[{"taxonomy":"category","embeddable":true,"href":"https:\/\/letempsmag.ma\/index.php?rest_route=%2Fwp%2Fv2%2Fcategories&post=44312"},{"taxonomy":"post_tag","embeddable":true,"href":"https:\/\/letempsmag.ma\/index.php?rest_route=%2Fwp%2Fv2%2Ftags&post=44312"}],"curies":[{"name":"wp","href":"https:\/\/api.w.org\/{rel}","templated":true}]}}