{"id":44310,"date":"2026-04-28T09:03:53","date_gmt":"2026-04-28T08:03:53","guid":{"rendered":"https:\/\/letempsmag.ma\/?p=44310"},"modified":"2026-04-28T09:03:53","modified_gmt":"2026-04-28T08:03:53","slug":"intrepid-travel-acquiert-le-geant-altai-group-et-se-renforce-sur-les-marches-francophones-dont-le-maroc","status":"publish","type":"post","link":"https:\/\/letempsmag.ma\/?p=44310","title":{"rendered":"Intrepid Travel acquiert le g\u00e9ant Alta\u00ef Group et se renforce sur les march\u00e9s francophones dont le Maroc"},"content":{"rendered":"\n<p>Intrepid Travel, groupe australien leader mondial du voyage responsable, annonce l&#8217;acquisition compl\u00e8te du groupe fran\u00e7ais de voyage d&#8217;aventure Alta\u00ef, rachet\u00e9 \u00e0 la soci\u00e9t\u00e9 d&#8217;investissement de Julien Leclercq (\u00e9galement pr\u00e9sident de Decathlon). Cette op\u00e9ration renforce strat\u00e9giquement l&#8217;empreinte d&#8217;Intrepid Travel en France, l&#8217;un des plus grands march\u00e9s du voyage d&#8217;aventure en Europe.<\/p>\n\n\n\n<p>L&#8217;acquisition, finalis\u00e9e en ce mois de mai 2026, apportera plus de 100 millions de dollars de chiffre d&#8217;affaires et 35.000 clients suppl\u00e9mentaires par an \u00e0 Intrepid Travel. Elle d\u00e9bloquera de nouvelles opportunit\u00e9s en Europe et permettra une croissance accrue sur les march\u00e9s francophones au-del\u00e0 de la France, notamment en Suisse, en Belgique et au Canada.<\/p>\n\n\n\n<p><strong><em>Une m\u00eame passion pour l&#8217;aventure<\/em><\/strong><\/p>\n\n\n\n<p>\u00c0 noter qu\u2019Intrepid Travel et le groupe Alta\u00ef partagent une m\u00eame passion pour l&#8217;aventure, ax\u00e9e sur la nature et le soutien aux communaut\u00e9s locales. Les deux groupes sont certifi\u00e9s \u00abB Corp\u00bb, garantissant ainsi le respect des normes environnementales et sociales les plus strictes.<\/p>\n\n\n\n<p>Zina Bencheikh, Directrice G\u00e9n\u00e9rale Zone EMEA d\u2019Intrepid Travel, d\u00e9clare&nbsp;: \u00abCette acquisition marque une \u00e9tape strat\u00e9gique majeure dans notre d\u00e9veloppement sur les march\u00e9s francophones. Le Maroc, en tant que destination cl\u00e9 pour les voyageurs fran\u00e7ais, b\u00e9n\u00e9ficiera directement de cette dynamique. Elle nous permettra de renforcer notre pr\u00e9sence et de poursuivre le d\u00e9veloppement d\u2019un tourisme plus responsable et \u00e0 forte valeur ajout\u00e9e\u00bb.<\/p>\n\n\n\n<p><strong><em>Le lien avec le Maroc\u2026<\/em><\/strong><\/p>\n\n\n\n<p>Julien Leclercq en tant qu\u2019actionnaire de r\u00e9f\u00e9rence d\u2019Intrepid Travel ajoute&nbsp;: \u00abCette op\u00e9ration repr\u00e9sente une opportunit\u00e9 unique pour le groupe Alta\u00ef de poursuivre son d\u00e9veloppement au sein d\u2019un acteur mondial comme Intrepid Travel. Je me r\u00e9jouis de renforcer mon engagement et d\u2019accompagner cette nouvelle phase de croissance\u00bb.<\/p>\n\n\n\n<p>Dans un contexte o\u00f9 le march\u00e9 fran\u00e7ais repr\u00e9sente pr\u00e8s de 30% des arriv\u00e9es touristiques au Maroc, cette acquisition constitue un levier strat\u00e9gique pour soutenir la croissance d\u2019Intrepid Travel dans la r\u00e9gion. Elle contribuera \u00e9galement \u00e0 renforcer son partenariat avec l\u2019Office National Marocain du Tourisme (ONMT), en faveur du d\u00e9veloppement d\u2019un tourisme durable, \u00e9co-responsable et \u00e0 forte valeur ajout\u00e9e, en phase avec les nouvelles attentes des voyageurs et les ambitions du Maroc sur les march\u00e9s internationaux.<\/p>\n\n\n\n<p><strong><em>\u00c0 propos d\u2019Intrepid Travel<\/em><\/strong><\/p>\n\n\n\n<p>Intrepid Travel est le leader mondial du voyage responsable depuis plus de 36 ans. La mission de l&#8217;entreprise est de cr\u00e9er un changement positif gr\u00e2ce \u00e0 la joie de voyager, concr\u00e9tis\u00e9e par plus de 900 itin\u00e9raires con\u00e7us pour une immersion culturelle authentique. Avec son propre r\u00e9seau de bureaux dans 33 pays, Intrepid Travel dispose d&#8217;une expertise locale unique. Reconnue mondialement pour son engagement en faveur de la transparence, l&#8217;entreprise a \u00e9t\u00e9 certifi\u00e9e \u00abB-Corp\u00bb en 2018. Sa fondation \u00e0 but non lucratif, The Intrepid Foundation, a d\u00e9j\u00e0 distribu\u00e9 plus de 20 millions de dollars \u00e0 plus de 160 partenaires.<\/p>\n","protected":false},"excerpt":{"rendered":"<p>Intrepid Travel, groupe australien leader mondial du voyage responsable, annonce l&#8217;acquisition compl\u00e8te du groupe fran\u00e7ais de voyage d&#8217;aventure Alta\u00ef, rachet\u00e9 \u00e0 la soci\u00e9t\u00e9 d&#8217;investissement de Julien Leclercq (\u00e9galement pr\u00e9sident de Decathlon). Cette op\u00e9ration renforce strat\u00e9giquement l&#8217;empreinte d&#8217;Intrepid Travel en France, l&#8217;un des plus grands march\u00e9s du voyage d&#8217;aventure en Europe. L&#8217;acquisition, finalis\u00e9e en ce mois &hellip;<\/p>\n","protected":false},"author":9,"featured_media":44300,"comment_status":"open","ping_status":"closed","sticky":false,"template":"","format":"standard","meta":{"footnotes":""},"categories":[27],"tags":[],"class_list":["post-44310","post","type-post","status-publish","format-standard","has-post-thumbnail","hentry","category-tourisme"],"_links":{"self":[{"href":"https:\/\/letempsmag.ma\/index.php?rest_route=\/wp\/v2\/posts\/44310","targetHints":{"allow":["GET"]}}],"collection":[{"href":"https:\/\/letempsmag.ma\/index.php?rest_route=\/wp\/v2\/posts"}],"about":[{"href":"https:\/\/letempsmag.ma\/index.php?rest_route=\/wp\/v2\/types\/post"}],"author":[{"embeddable":true,"href":"https:\/\/letempsmag.ma\/index.php?rest_route=\/wp\/v2\/users\/9"}],"replies":[{"embeddable":true,"href":"https:\/\/letempsmag.ma\/index.php?rest_route=%2Fwp%2Fv2%2Fcomments&post=44310"}],"version-history":[{"count":1,"href":"https:\/\/letempsmag.ma\/index.php?rest_route=\/wp\/v2\/posts\/44310\/revisions"}],"predecessor-version":[{"id":44311,"href":"https:\/\/letempsmag.ma\/index.php?rest_route=\/wp\/v2\/posts\/44310\/revisions\/44311"}],"wp:featuredmedia":[{"embeddable":true,"href":"https:\/\/letempsmag.ma\/index.php?rest_route=\/wp\/v2\/media\/44300"}],"wp:attachment":[{"href":"https:\/\/letempsmag.ma\/index.php?rest_route=%2Fwp%2Fv2%2Fmedia&parent=44310"}],"wp:term":[{"taxonomy":"category","embeddable":true,"href":"https:\/\/letempsmag.ma\/index.php?rest_route=%2Fwp%2Fv2%2Fcategories&post=44310"},{"taxonomy":"post_tag","embeddable":true,"href":"https:\/\/letempsmag.ma\/index.php?rest_route=%2Fwp%2Fv2%2Ftags&post=44310"}],"curies":[{"name":"wp","href":"https:\/\/api.w.org\/{rel}","templated":true}]}}