{"id":44306,"date":"2026-04-28T09:02:19","date_gmt":"2026-04-28T08:02:19","guid":{"rendered":"https:\/\/letempsmag.ma\/?p=44306"},"modified":"2026-04-28T09:02:20","modified_gmt":"2026-04-28T08:02:20","slug":"un-beau-livre-taza-histoire-vibrante-nature-epoustouflante","status":"publish","type":"post","link":"https:\/\/letempsmag.ma\/?p=44306","title":{"rendered":"Un beau livre\u00a0: \u00abTaza, histoire vibrante, nature \u00e9poustouflante\u00bb"},"content":{"rendered":"\n<p>Axions Communication annonce la parution d\u2019un nouvel ouvrage intitul\u00e9 \u00abTaza, histoire vibrante, nature \u00e9poustouflante\u00bb, un beau livre de 216 pages qui invite \u00e0 la d\u00e9couverte d\u2019une des villes les plus embl\u00e9matiques du Maroc. Con\u00e7u comme un voyage au c\u0153ur de la m\u00e9moire et de l\u2019identit\u00e9 de Taza, cet ouvrage propose une immersion \u00e0 la fois historique, culturelle et visuelle. Disponible en deux versions, arabe et fran\u00e7aise, il offre un parcours richement document\u00e9 o\u00f9 les textes dialoguent avec une iconographie exceptionnelle.<\/p>\n\n\n\n<p>Plac\u00e9e sous la direction de Nadia Bernoussi et Sa\u00e2d Hossini, cette publication est pr\u00e9fac\u00e9e par Mohamed Mehdi Bensaid, Ministre de la Jeunesse, de la Culture et de la Communication. Elle r\u00e9unit les contributions de plusieurs auteurs&nbsp;: K\u00e9bir Mostapha Ammi, Abdelilah Bessagmar, Noureddine Bousfiha, Naima Chikhaoui, Abdelalem Dinia, Fouad El Bahlaoui, Mohamed Errohli, Mostapha Hassani Idrissi, Mustapha El Hor, Sa\u00e2d Hossini, Driss Makkoudi, Mouna M\u2019Hammedi et Omar Seddiki.<\/p>\n\n\n\n<p>L\u2019ouvrage se distingue \u00e9galement par la qualit\u00e9 de son travail visuel. Les photographies, v\u00e9ritable c\u0153ur du livre, sont sign\u00e9es Teddy Seguin, Mohammed Allam et Youn\u00e8s El Kassmi. La direction technique a \u00e9t\u00e9 assur\u00e9e par Kamal Hossini, tandis que la direction artistique a \u00e9t\u00e9 confi\u00e9e \u00e0 Mohamed Benlahcen.<\/p>\n\n\n\n<p><strong><em>Immersion au c\u0153ur de la m\u00e9dina<\/em><\/strong><\/p>\n\n\n\n<p>Nich\u00e9e entre le Rif et le Moyen Atlas, Taza y appara\u00eet comme une cit\u00e9 mill\u00e9naire au destin exceptionnel. Des premi\u00e8res traces de l\u2019homme primitif aux vestiges de l\u2019\u00e9poque romaine, le lecteur est invit\u00e9 \u00e0 remonter le fil d\u2019une histoire riche et continue. Carrefour strat\u00e9gique, la ville fut tour \u00e0 tour un lieu d\u2019alliances, de conqu\u00eates et de r\u00e9sistances, marqu\u00e9e par les Idrissides, les grandes dynasties et les luttes pour la libert\u00e9 nationale.<\/p>\n\n\n\n<p>Au c\u0153ur de la m\u00e9dina, monuments, portes, fondouks, mosqu\u00e9es, m\u00e9dersas et bastions t\u00e9moignent d\u2019un patrimoine architectural et spirituel remarquable. Les traditions vivantes, la m\u00e9moire du Mellah, les zaou\u00efas et les rituels festifs r\u00e9v\u00e8lent une richesse immat\u00e9rielle transmise de g\u00e9n\u00e9ration en g\u00e9n\u00e9ration.<\/p>\n\n\n\n<p>Ce beau livre met \u00e9galement \u00e0 l\u2019honneur les tr\u00e9sors du terroir de Taza&nbsp;: ses saveurs authentiques, ses savoir-faire artisanaux et la cr\u00e9ativit\u00e9 de ses habitants. Enfin, il ouvre une fen\u00eatre sur un arri\u00e8re-pays d\u2019une beaut\u00e9 saisissante, entre montagnes, grottes, sources et for\u00eats, abritant une biodiversit\u00e9 exceptionnelle. \u00c0 travers cet ouvrage, Taza se r\u00e9v\u00e8le comme une terre de m\u00e9moire, de talents et d\u2019avenir, offrant au lecteur une exp\u00e9rience immersive et inspirante.<\/p>\n","protected":false},"excerpt":{"rendered":"<p>Axions Communication annonce la parution d\u2019un nouvel ouvrage intitul\u00e9 \u00abTaza, histoire vibrante, nature \u00e9poustouflante\u00bb, un beau livre de 216 pages qui invite \u00e0 la d\u00e9couverte d\u2019une des villes les plus embl\u00e9matiques du Maroc. Con\u00e7u comme un voyage au c\u0153ur de la m\u00e9moire et de l\u2019identit\u00e9 de Taza, cet ouvrage propose une immersion \u00e0 la fois &hellip;<\/p>\n","protected":false},"author":9,"featured_media":44303,"comment_status":"open","ping_status":"closed","sticky":false,"template":"","format":"standard","meta":{"footnotes":""},"categories":[169],"tags":[],"class_list":["post-44306","post","type-post","status-publish","format-standard","has-post-thumbnail","hentry","category-edition"],"_links":{"self":[{"href":"https:\/\/letempsmag.ma\/index.php?rest_route=\/wp\/v2\/posts\/44306","targetHints":{"allow":["GET"]}}],"collection":[{"href":"https:\/\/letempsmag.ma\/index.php?rest_route=\/wp\/v2\/posts"}],"about":[{"href":"https:\/\/letempsmag.ma\/index.php?rest_route=\/wp\/v2\/types\/post"}],"author":[{"embeddable":true,"href":"https:\/\/letempsmag.ma\/index.php?rest_route=\/wp\/v2\/users\/9"}],"replies":[{"embeddable":true,"href":"https:\/\/letempsmag.ma\/index.php?rest_route=%2Fwp%2Fv2%2Fcomments&post=44306"}],"version-history":[{"count":1,"href":"https:\/\/letempsmag.ma\/index.php?rest_route=\/wp\/v2\/posts\/44306\/revisions"}],"predecessor-version":[{"id":44307,"href":"https:\/\/letempsmag.ma\/index.php?rest_route=\/wp\/v2\/posts\/44306\/revisions\/44307"}],"wp:featuredmedia":[{"embeddable":true,"href":"https:\/\/letempsmag.ma\/index.php?rest_route=\/wp\/v2\/media\/44303"}],"wp:attachment":[{"href":"https:\/\/letempsmag.ma\/index.php?rest_route=%2Fwp%2Fv2%2Fmedia&parent=44306"}],"wp:term":[{"taxonomy":"category","embeddable":true,"href":"https:\/\/letempsmag.ma\/index.php?rest_route=%2Fwp%2Fv2%2Fcategories&post=44306"},{"taxonomy":"post_tag","embeddable":true,"href":"https:\/\/letempsmag.ma\/index.php?rest_route=%2Fwp%2Fv2%2Ftags&post=44306"}],"curies":[{"name":"wp","href":"https:\/\/api.w.org\/{rel}","templated":true}]}}