{"id":44298,"date":"2026-04-27T09:47:58","date_gmt":"2026-04-27T08:47:58","guid":{"rendered":"https:\/\/letempsmag.ma\/?p=44298"},"modified":"2026-04-27T09:47:58","modified_gmt":"2026-04-27T08:47:58","slug":"le-maroc-condamne-lattaque-armee-ayant-vise-une-reception-a-washington-en-presence-du-president-donald-trump","status":"publish","type":"post","link":"https:\/\/letempsmag.ma\/?p=44298","title":{"rendered":"Le Maroc condamne l&#8217;attaque arm\u00e9e ayant vis\u00e9 une r\u00e9ception \u00e0 Washington en pr\u00e9sence du Pr\u00e9sident Donald Trump"},"content":{"rendered":"\n<p>Le Maroc \u00abcondamne l&#8217;attaque arm\u00e9e ayant vis\u00e9 une r\u00e9ception tenue \u00e0 Washington, en pr\u00e9sence du Pr\u00e9sident des \u00c9tats-Unis d&#8217;Am\u00e9rique, Son Excellence Monsieur Donald Trump\u00bb, a indiqu\u00e9 une source du minist\u00e8re des Affaires \u00e9trang\u00e8res, de la Coop\u00e9ration africaine et des Marocains r\u00e9sidant \u00e0 l&#8217;\u00e9tranger. \u00abAffirmant sa solidarit\u00e9 avec le Pr\u00e9sident am\u00e9ricain et sa famille, ainsi qu\u2019avec le gouvernement et le peuple de ce pays ami, le Royaume du Maroc r\u00e9it\u00e8re sa position rejetant toutes les formes de violence, d&#8217;extr\u00e9misme et de terrorisme, quelles qu&#8217;en soient les sources et les motivations\u00bb, ajout\u00e9 la m\u00eame source.<br><\/p>\n","protected":false},"excerpt":{"rendered":"<p>Le Maroc \u00abcondamne l&#8217;attaque arm\u00e9e ayant vis\u00e9 une r\u00e9ception tenue \u00e0 Washington, en pr\u00e9sence du Pr\u00e9sident des \u00c9tats-Unis d&#8217;Am\u00e9rique, Son Excellence Monsieur Donald Trump\u00bb, a indiqu\u00e9 une source du minist\u00e8re des Affaires \u00e9trang\u00e8res, de la Coop\u00e9ration africaine et des Marocains r\u00e9sidant \u00e0 l&#8217;\u00e9tranger. \u00abAffirmant sa solidarit\u00e9 avec le Pr\u00e9sident am\u00e9ricain et sa famille, ainsi qu\u2019avec &hellip;<\/p>\n","protected":false},"author":9,"featured_media":44283,"comment_status":"open","ping_status":"closed","sticky":false,"template":"","format":"standard","meta":{"footnotes":""},"categories":[68],"tags":[],"class_list":["post-44298","post","type-post","status-publish","format-standard","has-post-thumbnail","hentry","category-politique"],"_links":{"self":[{"href":"https:\/\/letempsmag.ma\/index.php?rest_route=\/wp\/v2\/posts\/44298","targetHints":{"allow":["GET"]}}],"collection":[{"href":"https:\/\/letempsmag.ma\/index.php?rest_route=\/wp\/v2\/posts"}],"about":[{"href":"https:\/\/letempsmag.ma\/index.php?rest_route=\/wp\/v2\/types\/post"}],"author":[{"embeddable":true,"href":"https:\/\/letempsmag.ma\/index.php?rest_route=\/wp\/v2\/users\/9"}],"replies":[{"embeddable":true,"href":"https:\/\/letempsmag.ma\/index.php?rest_route=%2Fwp%2Fv2%2Fcomments&post=44298"}],"version-history":[{"count":1,"href":"https:\/\/letempsmag.ma\/index.php?rest_route=\/wp\/v2\/posts\/44298\/revisions"}],"predecessor-version":[{"id":44299,"href":"https:\/\/letempsmag.ma\/index.php?rest_route=\/wp\/v2\/posts\/44298\/revisions\/44299"}],"wp:featuredmedia":[{"embeddable":true,"href":"https:\/\/letempsmag.ma\/index.php?rest_route=\/wp\/v2\/media\/44283"}],"wp:attachment":[{"href":"https:\/\/letempsmag.ma\/index.php?rest_route=%2Fwp%2Fv2%2Fmedia&parent=44298"}],"wp:term":[{"taxonomy":"category","embeddable":true,"href":"https:\/\/letempsmag.ma\/index.php?rest_route=%2Fwp%2Fv2%2Fcategories&post=44298"},{"taxonomy":"post_tag","embeddable":true,"href":"https:\/\/letempsmag.ma\/index.php?rest_route=%2Fwp%2Fv2%2Ftags&post=44298"}],"curies":[{"name":"wp","href":"https:\/\/api.w.org\/{rel}","templated":true}]}}