{"id":44296,"date":"2026-04-27T09:47:21","date_gmt":"2026-04-27T08:47:21","guid":{"rendered":"https:\/\/letempsmag.ma\/?p=44296"},"modified":"2026-04-27T09:47:21","modified_gmt":"2026-04-27T08:47:21","slug":"scia-2026-kenitra-au-coeur-des-ambitions-industrielles-du-maroc","status":"publish","type":"post","link":"https:\/\/letempsmag.ma\/?p=44296","title":{"rendered":"SCIA 2026\u00a0: K\u00e9nitra au c\u0153ur des ambitions industrielles du Maroc"},"content":{"rendered":"\n<p>K\u00e9nitra accueillera bient\u00f4t un rendez-vous majeur pour l\u2019industrie automobile nationale. Du 24 au 26 juin prochain, la ville abritera, en effet, la 8<sup>\u00e8me<\/sup> \u00e9dition du Salon International de la Comp\u00e9titivit\u00e9 Industrielle Automobile (SCIA), un \u00e9v\u00e9nement qui confirme les ambitions du Maroc de consolider son r\u00f4le de hub r\u00e9gional dans ce secteur strat\u00e9gique.<\/p>\n\n\n\n<p>Pr\u00e9sent\u00e9 \u00e0 Rabat par l\u2019Association Marocaine pour l\u2019Industrie et la Construction Automobile (AMICA), le Salon est organis\u00e9 en partenariat avec le minist\u00e8re de l\u2019Industrie et du Commerce ainsi que l\u2019Agence Marocaine de D\u00e9veloppement des Investissements et des Exportations (l\u2019AMDIE). Cette \u00e9dition, selon Rachid Machou, Pr\u00e9sident de l\u2019AMICA, mettra l\u2019accent sur le renforcement de la comp\u00e9titivit\u00e9 industrielle, notamment \u00e0 travers le d\u00e9veloppement de la sous-traitance locale, l\u2019int\u00e9gration des fournisseurs et le transfert de technologies.<\/p>\n\n\n\n<p><strong><em>D\u00e9passer le mod\u00e8le de sous-traitance<\/em><\/strong><\/p>\n\n\n\n<p>Au-del\u00e0 de ces objectifs, les organisateurs souhaitent impulser un changement de cap dans l\u2019\u00e9cosyst\u00e8me automobile national. L\u2019enjeu est d\u00e9sormais de d\u00e9passer le mod\u00e8le de sous-traitance pour \u00e9voluer vers davantage de cr\u00e9ation de valeur, en phase avec les mutations globales du secteur.<\/p>\n\n\n\n<p>Autre nouveaut\u00e9 majeure&nbsp;: l\u2019int\u00e9gration de la formation comme levier strat\u00e9gique. Dans un contexte marqu\u00e9 par la transformation technologique, la mont\u00e9e en comp\u00e9tences des jeunes talents appara\u00eet essentielle pour accompagner l\u2019essor de l\u2019industrie automobile marocaine.<\/p>\n\n\n\n<p>Le SCIA 2026 r\u00e9unira pr\u00e8s de 300 exposants nationaux et internationaux et proposera un programme riche, incluant rencontres B2B, conf\u00e9rences sp\u00e9cialis\u00e9es et pr\u00e9sentations d\u2019innovations. L\u2019\u00e9v\u00e9nement s\u2019inscrit dans un environnement en pleine mutation, port\u00e9 par la transition vers une mobilit\u00e9 durable et l\u2019int\u00e9gration croissante de l\u2019intelligence artificielle dans les processus industriels.<\/p>\n\n\n\n<p>Avec cette nouvelle \u00e9dition, le SCIA entend s\u2019imposer comme une plateforme africaine de r\u00e9f\u00e9rence au service de l\u2019innovation et de l\u2019int\u00e9gration industrielle.<\/p>\n\n\n\n<p><strong>L. F.<\/strong><\/p>\n","protected":false},"excerpt":{"rendered":"<p>K\u00e9nitra accueillera bient\u00f4t un rendez-vous majeur pour l\u2019industrie automobile nationale. Du 24 au 26 juin prochain, la ville abritera, en effet, la 8\u00e8me \u00e9dition du Salon International de la Comp\u00e9titivit\u00e9 Industrielle Automobile (SCIA), un \u00e9v\u00e9nement qui confirme les ambitions du Maroc de consolider son r\u00f4le de hub r\u00e9gional dans ce secteur strat\u00e9gique. Pr\u00e9sent\u00e9 \u00e0 Rabat &hellip;<\/p>\n","protected":false},"author":9,"featured_media":44286,"comment_status":"open","ping_status":"closed","sticky":false,"template":"","format":"standard","meta":{"footnotes":""},"categories":[121],"tags":[],"class_list":["post-44296","post","type-post","status-publish","format-standard","has-post-thumbnail","hentry","category-automobile"],"_links":{"self":[{"href":"https:\/\/letempsmag.ma\/index.php?rest_route=\/wp\/v2\/posts\/44296","targetHints":{"allow":["GET"]}}],"collection":[{"href":"https:\/\/letempsmag.ma\/index.php?rest_route=\/wp\/v2\/posts"}],"about":[{"href":"https:\/\/letempsmag.ma\/index.php?rest_route=\/wp\/v2\/types\/post"}],"author":[{"embeddable":true,"href":"https:\/\/letempsmag.ma\/index.php?rest_route=\/wp\/v2\/users\/9"}],"replies":[{"embeddable":true,"href":"https:\/\/letempsmag.ma\/index.php?rest_route=%2Fwp%2Fv2%2Fcomments&post=44296"}],"version-history":[{"count":1,"href":"https:\/\/letempsmag.ma\/index.php?rest_route=\/wp\/v2\/posts\/44296\/revisions"}],"predecessor-version":[{"id":44297,"href":"https:\/\/letempsmag.ma\/index.php?rest_route=\/wp\/v2\/posts\/44296\/revisions\/44297"}],"wp:featuredmedia":[{"embeddable":true,"href":"https:\/\/letempsmag.ma\/index.php?rest_route=\/wp\/v2\/media\/44286"}],"wp:attachment":[{"href":"https:\/\/letempsmag.ma\/index.php?rest_route=%2Fwp%2Fv2%2Fmedia&parent=44296"}],"wp:term":[{"taxonomy":"category","embeddable":true,"href":"https:\/\/letempsmag.ma\/index.php?rest_route=%2Fwp%2Fv2%2Fcategories&post=44296"},{"taxonomy":"post_tag","embeddable":true,"href":"https:\/\/letempsmag.ma\/index.php?rest_route=%2Fwp%2Fv2%2Ftags&post=44296"}],"curies":[{"name":"wp","href":"https:\/\/api.w.org\/{rel}","templated":true}]}}