{"id":44290,"date":"2026-04-27T09:43:45","date_gmt":"2026-04-27T08:43:45","guid":{"rendered":"https:\/\/letempsmag.ma\/?p=44290"},"modified":"2026-04-27T09:43:46","modified_gmt":"2026-04-27T08:43:46","slug":"lancement-a-casablanca-dizdihar-green-shift-pour-accelerer-la-decarbonation-industrielle-au-maroc","status":"publish","type":"post","link":"https:\/\/letempsmag.ma\/?p=44290","title":{"rendered":"Lancement \u00e0 Casablanca d\u2019\u00abIzdihar Green Shift\u00bb pour acc\u00e9l\u00e9rer la d\u00e9carbonation industrielle au Maroc"},"content":{"rendered":"\n<p>L\u2019Association Izdihar lancera officiellement, le 29 avril prochain, le programme \u00abIzdihar Green Shift\u00bb (IGS), une initiative structurante visant \u00e0 accompagner les entreprises industrielles marocaines dans leur transition bas carbone.<\/p>\n\n\n\n<p>Dans un contexte de transition \u00e9nerg\u00e9tique acc\u00e9l\u00e9r\u00e9e, le Maroc renforce ses engagements en mati\u00e8re de r\u00e9duction des \u00e9missions de carbone. Les zones industrielles, en tant que moteurs \u00e9conomiques, sont aujourd\u2019hui au c\u0153ur de cette transformation. C\u2019est dans cette dynamique que l\u2019Association Izdihar organise le lancement officiel du programme \u00abIzdihar Green Shift\u00bb. Ce programme ambitieux vise \u00e0&nbsp;:<\/p>\n\n\n\n<p>&#8211; Accompagner les entreprises dans leur transition \u00e9nerg\u00e9tique.<\/p>\n\n\n\n<p>&#8211; Am\u00e9liorer leur comp\u00e9titivit\u00e9.<\/p>\n\n\n\n<p>&#8211; R\u00e9duire durablement leur empreinte carbone.<\/p>\n\n\n\n<p>L\u2019\u00e9v\u00e9nement r\u00e9unira des repr\u00e9sentants institutionnels, des industriels, des experts et des partenaires techniques autour de conf\u00e9rences, tables rondes et annonces structurantes.<\/p>\n\n\n\n<p><strong><em>\u00c0 propos d\u2019\u00abIzdihar Green Shift\u00bb<\/em><\/strong><\/p>\n\n\n\n<p>Le programme \u00abIzdihar Green Shift\u00bb est une initiative structurante d\u00e9di\u00e9e \u00e0 la transition durable de l\u2019industrie marocaine. Align\u00e9 avec les Contributions D\u00e9termin\u00e9es au niveau National (CDN) et la Strat\u00e9gie Bas Carbone 2050, il vise \u00e0 faire des zones industrielles de Sidi Bernoussi un mod\u00e8le concret de d\u00e9carbonation et d\u2019efficacit\u00e9 \u00e9nerg\u00e9tique. Le programme s\u2019articule autour de trois axes majeurs&nbsp;: sensibilisation et formation des entreprises aux enjeux \u00e9nerg\u00e9tiques et environnementaux (efficacit\u00e9 \u00e9nerg\u00e9tique, \u00e9nergies renouvelables, finance verte, certifications, bilan carbone), accompagnement technique pour favoriser l\u2019acc\u00e8s aux certifications environnementales (\u00abISO 50001\u00bb, \u00abISO 14001\u00bb, bilan carbone\u2026) et d\u00e9ploiement de projets collectifs, dont un projet innovant de \u00abPower Purchase Agreement\u00bb (PPA) collaboratif adoss\u00e9 \u00e0 une centrale solaire commune. Soutenu par le Minist\u00e8re de l\u2019Industrie et du Commerce, et en partenariat avec des acteurs majeurs comme l\u2019AMEE et IMANOR, le programme ambitionne d\u2019acc\u00e9l\u00e9rer la transformation du tissu industriel vers un mod\u00e8le plus comp\u00e9titif, sobre en carbone et durable.<\/p>\n\n\n\n<p><strong><em>\u00c0 propos de l\u2019Association Izdihar<\/em><\/strong><\/p>\n\n\n\n<p>L\u2019Association Izdihar est une organisation professionnelle regroupant 120 entreprises au sein des zones industrielles de Sidi Bernoussi. Elle \u0153uvre pour le d\u00e9veloppement, la structuration et le renforcement de la comp\u00e9titivit\u00e9 de son \u00e9cosyst\u00e8me. \u00c0 travers ses actions, l\u2019association joue un r\u00f4le f\u00e9d\u00e9rateur en facilitant les synergies entre entreprises, en accompagnant leur mont\u00e9e en comp\u00e9tence et en soutenant des initiatives innovantes. Avec le programme \u00abIzdihar Green Shift\u00bb, l\u2019ONG affirme son ambition de devenir un acteur de r\u00e9f\u00e9rence dans la transition bas carbone des zones industrielles au Maroc, en mettant en \u0153uvre des solutions concr\u00e8tes, collectives et \u00e0 fort impact.<\/p>\n","protected":false},"excerpt":{"rendered":"<p>L\u2019Association Izdihar lancera officiellement, le 29 avril prochain, le programme \u00abIzdihar Green Shift\u00bb (IGS), une initiative structurante visant \u00e0 accompagner les entreprises industrielles marocaines dans leur transition bas carbone. Dans un contexte de transition \u00e9nerg\u00e9tique acc\u00e9l\u00e9r\u00e9e, le Maroc renforce ses engagements en mati\u00e8re de r\u00e9duction des \u00e9missions de carbone. Les zones industrielles, en tant que &hellip;<\/p>\n","protected":false},"author":9,"featured_media":44284,"comment_status":"open","ping_status":"closed","sticky":false,"template":"","format":"standard","meta":{"footnotes":""},"categories":[304],"tags":[],"class_list":["post-44290","post","type-post","status-publish","format-standard","has-post-thumbnail","hentry","category-normes"],"_links":{"self":[{"href":"https:\/\/letempsmag.ma\/index.php?rest_route=\/wp\/v2\/posts\/44290","targetHints":{"allow":["GET"]}}],"collection":[{"href":"https:\/\/letempsmag.ma\/index.php?rest_route=\/wp\/v2\/posts"}],"about":[{"href":"https:\/\/letempsmag.ma\/index.php?rest_route=\/wp\/v2\/types\/post"}],"author":[{"embeddable":true,"href":"https:\/\/letempsmag.ma\/index.php?rest_route=\/wp\/v2\/users\/9"}],"replies":[{"embeddable":true,"href":"https:\/\/letempsmag.ma\/index.php?rest_route=%2Fwp%2Fv2%2Fcomments&post=44290"}],"version-history":[{"count":1,"href":"https:\/\/letempsmag.ma\/index.php?rest_route=\/wp\/v2\/posts\/44290\/revisions"}],"predecessor-version":[{"id":44291,"href":"https:\/\/letempsmag.ma\/index.php?rest_route=\/wp\/v2\/posts\/44290\/revisions\/44291"}],"wp:featuredmedia":[{"embeddable":true,"href":"https:\/\/letempsmag.ma\/index.php?rest_route=\/wp\/v2\/media\/44284"}],"wp:attachment":[{"href":"https:\/\/letempsmag.ma\/index.php?rest_route=%2Fwp%2Fv2%2Fmedia&parent=44290"}],"wp:term":[{"taxonomy":"category","embeddable":true,"href":"https:\/\/letempsmag.ma\/index.php?rest_route=%2Fwp%2Fv2%2Fcategories&post=44290"},{"taxonomy":"post_tag","embeddable":true,"href":"https:\/\/letempsmag.ma\/index.php?rest_route=%2Fwp%2Fv2%2Ftags&post=44290"}],"curies":[{"name":"wp","href":"https:\/\/api.w.org\/{rel}","templated":true}]}}