{"id":43288,"date":"2026-03-17T17:33:33","date_gmt":"2026-03-17T16:33:33","guid":{"rendered":"https:\/\/letempsmag.ma\/?p=43288"},"modified":"2026-03-17T17:33:33","modified_gmt":"2026-03-17T16:33:33","slug":"bank-al-maghrib-maintient-son-taux-directeur-a-225","status":"publish","type":"post","link":"https:\/\/letempsmag.ma\/?p=43288","title":{"rendered":"Bank Al Maghrib maintient son taux directeur \u00e0 2,25%"},"content":{"rendered":"\n<p>Le Conseil de Bank Al-Maghrib, r\u00e9uni mardi \u00e0 Rabat dans le cadre de sa premi\u00e8re&nbsp; r\u00e9union trimestrielle de 2026, a d\u00e9cid\u00e9 de maintenir le taux directeur inchang\u00e9 \u00e0 2,25%.<\/p>\n\n\n\n<p>\u00abTenant compte de la poursuite de la dynamique notable de l\u2019activit\u00e9 \u00e9conomique, des niveaux mod\u00e9r\u00e9s pr\u00e9vus de l\u2019inflation et de la forte incertitude entourant les perspectives au niveau international ainsi que des r\u00e9sultats des stress tests r\u00e9alis\u00e9s par Bank Al Maghrib pour l\u2019\u00e9conomie nationale, le Conseil a jug\u00e9 appropri\u00e9 de maintenir le taux directeur inchang\u00e9 \u00e0 2,25%\u00bb, annonce la Banque Centrale dans un communiqu\u00e9.<\/p>\n\n\n\n<p>Le Conseil indique qu\u2019il continuera de suivre de tr\u00e8s pr\u00e8s la conjoncture interne et la situation internationale, en particulier les d\u00e9veloppements au Moyen-Orient ainsi que leurs cons\u00e9quences sur l\u2019activit\u00e9 \u00e9conomique et l\u2019inflation. Le but \u00e9tant de fonder ses d\u00e9cisions, au fil de ses r\u00e9unions trimestrielles, sur la base de donn\u00e9es constamment actualis\u00e9es.<\/p>\n","protected":false},"excerpt":{"rendered":"<p>Le Conseil de Bank Al-Maghrib, r\u00e9uni mardi \u00e0 Rabat dans le cadre de sa premi\u00e8re&nbsp; r\u00e9union trimestrielle de 2026, a d\u00e9cid\u00e9 de maintenir le taux directeur inchang\u00e9 \u00e0 2,25%. \u00abTenant compte de la poursuite de la dynamique notable de l\u2019activit\u00e9 \u00e9conomique, des niveaux mod\u00e9r\u00e9s pr\u00e9vus de l\u2019inflation et de la forte incertitude entourant les perspectives &hellip;<\/p>\n","protected":false},"author":9,"featured_media":43260,"comment_status":"open","ping_status":"closed","sticky":false,"template":"","format":"standard","meta":{"footnotes":""},"categories":[110],"tags":[],"class_list":["post-43288","post","type-post","status-publish","format-standard","has-post-thumbnail","hentry","category-conjoncture"],"_links":{"self":[{"href":"https:\/\/letempsmag.ma\/index.php?rest_route=\/wp\/v2\/posts\/43288","targetHints":{"allow":["GET"]}}],"collection":[{"href":"https:\/\/letempsmag.ma\/index.php?rest_route=\/wp\/v2\/posts"}],"about":[{"href":"https:\/\/letempsmag.ma\/index.php?rest_route=\/wp\/v2\/types\/post"}],"author":[{"embeddable":true,"href":"https:\/\/letempsmag.ma\/index.php?rest_route=\/wp\/v2\/users\/9"}],"replies":[{"embeddable":true,"href":"https:\/\/letempsmag.ma\/index.php?rest_route=%2Fwp%2Fv2%2Fcomments&post=43288"}],"version-history":[{"count":1,"href":"https:\/\/letempsmag.ma\/index.php?rest_route=\/wp\/v2\/posts\/43288\/revisions"}],"predecessor-version":[{"id":43289,"href":"https:\/\/letempsmag.ma\/index.php?rest_route=\/wp\/v2\/posts\/43288\/revisions\/43289"}],"wp:featuredmedia":[{"embeddable":true,"href":"https:\/\/letempsmag.ma\/index.php?rest_route=\/wp\/v2\/media\/43260"}],"wp:attachment":[{"href":"https:\/\/letempsmag.ma\/index.php?rest_route=%2Fwp%2Fv2%2Fmedia&parent=43288"}],"wp:term":[{"taxonomy":"category","embeddable":true,"href":"https:\/\/letempsmag.ma\/index.php?rest_route=%2Fwp%2Fv2%2Fcategories&post=43288"},{"taxonomy":"post_tag","embeddable":true,"href":"https:\/\/letempsmag.ma\/index.php?rest_route=%2Fwp%2Fv2%2Ftags&post=43288"}],"curies":[{"name":"wp","href":"https:\/\/api.w.org\/{rel}","templated":true}]}}