{"id":43280,"date":"2026-03-17T17:30:17","date_gmt":"2026-03-17T16:30:17","guid":{"rendered":"https:\/\/letempsmag.ma\/?p=43280"},"modified":"2026-03-17T17:30:17","modified_gmt":"2026-03-17T16:30:17","slug":"lammc-deroule-la-semaine-de-leducation-financiere","status":"publish","type":"post","link":"https:\/\/letempsmag.ma\/?p=43280","title":{"rendered":"L\u2019AMMC d\u00e9roule la Semaine de l\u2019\u00c9ducation Financi\u00e8re"},"content":{"rendered":"\n<p>Depuis hier 16 mars jusqu\u2019au 11 avril prochain, l\u2019Autorit\u00e9 Marocaine du March\u00e9 des Capitaux (AMMC) d\u00e9ploie un ambitieux dispositif d\u2019\u00e9ducation financi\u00e8re alliant actions de terrain aupr\u00e8s des jeunes et production de contenus digitaux in\u00e9dits. L\u2019institution r\u00e9affirme, en effet, son engagement pour l\u2019\u00e9ducation financi\u00e8re du jeune public et se mobilise pour la 14<sup>\u00e8me<\/sup> \u00e9dition de la Semaine de l\u2019\u00c9ducation Financi\u00e8re (Global Money Week), une campagne internationale initi\u00e9e par l\u2019OCDE-INFE.<\/p>\n\n\n\n<p>Plac\u00e9e sous le th\u00e8me \u00abParlons ensemble de la finance\u00bb, cette campagne vise \u00e0 sensibiliser les jeunes aux enjeux financiers pour favoriser une prise de d\u00e9cision \u00e9clair\u00e9e et une r\u00e9silience \u00e9conomique future.<\/p>\n\n\n\n<p>Depuis son lancement, le concept a connu la participation de 170 pays, avec des programmes vari\u00e9s qui ont atteint plus de 71 millions d\u2019enfants et de jeunes et 19 millions d\u2019adultes. L\u2019\u00e9dition de 2025 au Maroc avait permis de sensibiliser plus de 1,2 million de b\u00e9n\u00e9ficiaires.&nbsp;<\/p>\n\n\n\n<p>Coordonn\u00e9e au niveau national avec la Fondation Marocaine pour l\u2019\u00c9ducation Financi\u00e8re (FMEF), la Semaine de l\u2019\u00c9ducation Financi\u00e8re reste un rendez-vous incontournable pour l\u2019AMMC. Depuis 2018, l\u2019Autorit\u00e9 multiplie ainsi les initiatives pour rendre accessible l\u2019univers du march\u00e9 des capitaux au jeune public.&nbsp;<\/p>\n\n\n\n<p>Pour cette 14<sup>\u00e8me<\/sup> \u00e9dition, l\u2019AMMC d\u00e9ploie un dispositif vari\u00e9 incluant&nbsp;:<\/p>\n\n\n\n<p>&#8211; L\u2019organisation de la 6<sup>\u00e8me<\/sup> \u00e9dition de la comp\u00e9tition \u00abQuiz Finance\u00bb aupr\u00e8s de 8 lyc\u00e9es \u00e0 travers 6 r\u00e9gions du Royaume.<\/p>\n\n\n\n<p>&#8211; Des journ\u00e9es d\u2019immersion et des ateliers de formation \u00e0 destination des \u00e9tudiants des grandes \u00e9coles et universit\u00e9s.<\/p>\n\n\n\n<p>&#8211; L\u2019organisation de la 3<sup>\u00e8me<\/sup> \u00e9dition du concours de la Bande Dessin\u00e9e, en partenariat avec le Minist\u00e8re de l\u2019\u00c9ducation Nationale, du Pr\u00e9scolaire et des Sports.<\/p>\n\n\n\n<p>&#8211; Le d\u00e9ploiement d\u2019un parcours p\u00e9dagogique modulaire sur le portail \u00abLe March\u00e9 des Capitaux pour Tous\u00bb.<\/p>\n\n\n\n<p>&#8211; L\u2019\u00e9dition de deux nouveaux num\u00e9ros de la s\u00e9rie de Guides de l\u2019Investisseur.<\/p>\n\n\n\n<p>&#8211; Une campagne d\u2019\u00e9ducation financi\u00e8re sur les r\u00e9seaux sociaux.<\/p>\n\n\n\n<p><strong><em>\u00c0 propos de l\u2019AMMC<\/em><\/strong><\/p>\n\n\n\n<p>L\u2019Autorit\u00e9 Marocaine du March\u00e9 des Capitaux est l&#8217;autorit\u00e9 de r\u00e9gulation du march\u00e9 marocain des capitaux. L\u2019Institution a pour missions de veiller \u00e0 la protection de l\u2019\u00e9pargne investie en instruments financiers et au bon fonctionnement et \u00e0 la transparence du march\u00e9 des capitaux au Maroc. Membre de l\u2019Organisation Internationale des Commissions de Valeurs (OICV) depuis 1996, l\u2019AMMC a sign\u00e9, en 2007, la convention multilat\u00e9rale d\u2019\u00e9change et de coop\u00e9ration (Multilateral Memorandum of Understanding) de l\u2019OICV faisant du Maroc le 44<sup>\u00e8me<\/sup> pays signataire et le 3<sup>\u00e8me<\/sup> pays africain.<\/p>\n","protected":false},"excerpt":{"rendered":"<p>Depuis hier 16 mars jusqu\u2019au 11 avril prochain, l\u2019Autorit\u00e9 Marocaine du March\u00e9 des Capitaux (AMMC) d\u00e9ploie un ambitieux dispositif d\u2019\u00e9ducation financi\u00e8re alliant actions de terrain aupr\u00e8s des jeunes et production de contenus digitaux in\u00e9dits. L\u2019institution r\u00e9affirme, en effet, son engagement pour l\u2019\u00e9ducation financi\u00e8re du jeune public et se mobilise pour la 14\u00e8me \u00e9dition de la &hellip;<\/p>\n","protected":false},"author":9,"featured_media":43268,"comment_status":"open","ping_status":"closed","sticky":false,"template":"","format":"standard","meta":{"footnotes":""},"categories":[37],"tags":[],"class_list":["post-43280","post","type-post","status-publish","format-standard","has-post-thumbnail","hentry","category-formation"],"_links":{"self":[{"href":"https:\/\/letempsmag.ma\/index.php?rest_route=\/wp\/v2\/posts\/43280","targetHints":{"allow":["GET"]}}],"collection":[{"href":"https:\/\/letempsmag.ma\/index.php?rest_route=\/wp\/v2\/posts"}],"about":[{"href":"https:\/\/letempsmag.ma\/index.php?rest_route=\/wp\/v2\/types\/post"}],"author":[{"embeddable":true,"href":"https:\/\/letempsmag.ma\/index.php?rest_route=\/wp\/v2\/users\/9"}],"replies":[{"embeddable":true,"href":"https:\/\/letempsmag.ma\/index.php?rest_route=%2Fwp%2Fv2%2Fcomments&post=43280"}],"version-history":[{"count":1,"href":"https:\/\/letempsmag.ma\/index.php?rest_route=\/wp\/v2\/posts\/43280\/revisions"}],"predecessor-version":[{"id":43281,"href":"https:\/\/letempsmag.ma\/index.php?rest_route=\/wp\/v2\/posts\/43280\/revisions\/43281"}],"wp:featuredmedia":[{"embeddable":true,"href":"https:\/\/letempsmag.ma\/index.php?rest_route=\/wp\/v2\/media\/43268"}],"wp:attachment":[{"href":"https:\/\/letempsmag.ma\/index.php?rest_route=%2Fwp%2Fv2%2Fmedia&parent=43280"}],"wp:term":[{"taxonomy":"category","embeddable":true,"href":"https:\/\/letempsmag.ma\/index.php?rest_route=%2Fwp%2Fv2%2Fcategories&post=43280"},{"taxonomy":"post_tag","embeddable":true,"href":"https:\/\/letempsmag.ma\/index.php?rest_route=%2Fwp%2Fv2%2Ftags&post=43280"}],"curies":[{"name":"wp","href":"https:\/\/api.w.org\/{rel}","templated":true}]}}