{"id":43272,"date":"2026-03-17T17:26:41","date_gmt":"2026-03-17T16:26:41","guid":{"rendered":"https:\/\/letempsmag.ma\/?p=43272"},"modified":"2026-03-17T17:26:41","modified_gmt":"2026-03-17T16:26:41","slug":"lauditorium-pierre-berge-celebre-la-magie-scenique-au-musee-yves-saint-laurent-marrakech","status":"publish","type":"post","link":"https:\/\/letempsmag.ma\/?p=43272","title":{"rendered":"L\u2019Auditorium Pierre Berg\u00e9 c\u00e9l\u00e8bre la magie sc\u00e9nique au Mus\u00e9e Yves Saint Laurent Marrakech"},"content":{"rendered":"\n<p>En mars 2026, l\u2019Auditorium Pierre Berg\u00e9 du Mus\u00e9e Yves Saint Laurent Marrakech d\u00e9roule une programmation cin\u00e9matographique et lyrique plac\u00e9e sous le signe de la passion, de la sc\u00e8ne et de la m\u00e9tamorphose. \u00c0 la crois\u00e9e du cin\u00e9ma et du grand r\u00e9pertoire romantique, la programmation de ce mois-ci conjugue exigence artistique, accessibilit\u00e9 et ouverture internationale, affirmant l\u2019auditorium comme un lieu culturel majeur \u00e0 Marrakech, o\u00f9 l\u2019\u00e9motion du cin\u00e9ma devient une exp\u00e9rience intens\u00e9ment partag\u00e9e.<\/p>\n\n\n\n<p>Ce mois-ci, le cin\u00e9-club est gratuit pour explorer la performance en danse et au spectacle, mais aussi lors du temps lyrique exceptionnel que sera la retransmission en direct de l\u2019op\u00e9ra \u00abTristan Und Isolde\u00bb de Richard Wagner. Le d\u00e9but du mois ayant co\u00efncid\u00e9 avec le Ramadan, les projections sont programm\u00e9es \u00e0 20h, pour adapter les horaires durant cette p\u00e9riode. Le programme reprendra \u00e0 19h \u00e0 la \ufb01n de ce mois sacr\u00e9.<\/p>\n\n\n\n<p>&#8211; Lundi 23 mars&nbsp;: \u00abCarmen Jones\u00bb, Otto Preminger, 1954 (105 min VO anglais sous-titr\u00e9e en fran\u00e7ais).<\/p>\n\n\n\n<p>&#8211; Lundi 30 mars&nbsp;: \u00abSingin\u2019 in the rain\u00bb, Gene Kelly et Stanley Donen, 1953 (103 min VO anglais sous-titr\u00e9e en fran\u00e7ais).<\/p>\n\n\n\n<p><strong><em>Un \u00e9v\u00e9nement lyrique exceptionnel&nbsp;: op\u00e9ra \u00abTristan Und Isolde\u00bb<\/em><\/strong><\/p>\n\n\n\n<p>Le samedi 21 mars \u00e0 16h, retransmission en direct de l\u2019op\u00e9ra \u00abTristan Und Isolde\u00bb de Richard Wagner. Spectacle payant&nbsp;: 400 DH.<\/p>\n\n\n\n<p>C\u2019est un chef-d\u2019\u0153uvre de la musique. L\u2019op\u00e9ra en trois actes pr\u00e9sent\u00e9 en allemand, sous-titr\u00e9 en fran\u00e7ais, fait le r\u00e9cit d\u2019un amour absolu, donc impossible, sublim\u00e9 par l\u2019envo\u00fbtante composition de Richard Wagner. Cette production est port\u00e9e par la soprano Lise Davidsen, sous la direction musicale de Yannick N\u00e9zet-S\u00e9guin, dans une mise en sc\u00e8ne de Yuval Sharon. D\u2019une dur\u00e9e totale de 5 heures et 12 minutes avec deux entractes, l\u2019\u0153uvre propose une exp\u00e9rience immersive et \u00e9motionnelle d\u2019une rare intensit\u00e9.<\/p>\n\n\n\n<p><strong><em>\u00c0 propos du Mus\u00e9e Yves Saint Laurent Marrakech<\/em><\/strong><\/p>\n\n\n\n<p>Fond\u00e9 en 2017 \u00e0 proximit\u00e9 du Jardin Majorelle, le Mus\u00e9e Yves Saint Laurent Marrakech est un centre culturel complet d\u00e9di\u00e9 \u00e0 la pr\u00e9servation et \u00e0 la mise en lumi\u00e8re du patrimoine culturel mondial. Il abrite une salle d\u2019expositions permanentes d\u00e9di\u00e9e au travail d\u2019Yves Saint Laurent, une salle d\u2019expositions temporaires, une galerie de photographie, un auditorium, une biblioth\u00e8que de r\u00e9f\u00e9rence, une librairie, un caf\u00e9-restaurant, ainsi qu\u2019un sous-sol assurant aux collections les meilleures conditions de conservation. Le mus\u00e9e affirme son r\u00f4le de carrefour culturel majeur, cr\u00e9ant des passerelles entre le Maroc et les sc\u00e8nes artistiques internationales.<\/p>\n","protected":false},"excerpt":{"rendered":"<p>En mars 2026, l\u2019Auditorium Pierre Berg\u00e9 du Mus\u00e9e Yves Saint Laurent Marrakech d\u00e9roule une programmation cin\u00e9matographique et lyrique plac\u00e9e sous le signe de la passion, de la sc\u00e8ne et de la m\u00e9tamorphose. \u00c0 la crois\u00e9e du cin\u00e9ma et du grand r\u00e9pertoire romantique, la programmation de ce mois-ci conjugue exigence artistique, accessibilit\u00e9 et ouverture internationale, affirmant &hellip;<\/p>\n","protected":false},"author":9,"featured_media":43266,"comment_status":"open","ping_status":"closed","sticky":false,"template":"","format":"standard","meta":{"footnotes":""},"categories":[1267],"tags":[],"class_list":["post-43272","post","type-post","status-publish","format-standard","has-post-thumbnail","hentry","category-spectacles"],"_links":{"self":[{"href":"https:\/\/letempsmag.ma\/index.php?rest_route=\/wp\/v2\/posts\/43272","targetHints":{"allow":["GET"]}}],"collection":[{"href":"https:\/\/letempsmag.ma\/index.php?rest_route=\/wp\/v2\/posts"}],"about":[{"href":"https:\/\/letempsmag.ma\/index.php?rest_route=\/wp\/v2\/types\/post"}],"author":[{"embeddable":true,"href":"https:\/\/letempsmag.ma\/index.php?rest_route=\/wp\/v2\/users\/9"}],"replies":[{"embeddable":true,"href":"https:\/\/letempsmag.ma\/index.php?rest_route=%2Fwp%2Fv2%2Fcomments&post=43272"}],"version-history":[{"count":1,"href":"https:\/\/letempsmag.ma\/index.php?rest_route=\/wp\/v2\/posts\/43272\/revisions"}],"predecessor-version":[{"id":43273,"href":"https:\/\/letempsmag.ma\/index.php?rest_route=\/wp\/v2\/posts\/43272\/revisions\/43273"}],"wp:featuredmedia":[{"embeddable":true,"href":"https:\/\/letempsmag.ma\/index.php?rest_route=\/wp\/v2\/media\/43266"}],"wp:attachment":[{"href":"https:\/\/letempsmag.ma\/index.php?rest_route=%2Fwp%2Fv2%2Fmedia&parent=43272"}],"wp:term":[{"taxonomy":"category","embeddable":true,"href":"https:\/\/letempsmag.ma\/index.php?rest_route=%2Fwp%2Fv2%2Fcategories&post=43272"},{"taxonomy":"post_tag","embeddable":true,"href":"https:\/\/letempsmag.ma\/index.php?rest_route=%2Fwp%2Fv2%2Ftags&post=43272"}],"curies":[{"name":"wp","href":"https:\/\/api.w.org\/{rel}","templated":true}]}}