{"id":43267,"date":"2026-03-17T17:26:04","date_gmt":"2026-03-17T16:26:04","guid":{"rendered":"https:\/\/letempsmag.ma\/?p=43267"},"modified":"2026-03-17T17:26:04","modified_gmt":"2026-03-17T16:26:04","slug":"label-musee-du-maroc-les-honneurs-pour-le-macaal-et-la-fondation-alliances-a-marrakech","status":"publish","type":"post","link":"https:\/\/letempsmag.ma\/?p=43267","title":{"rendered":"\u00abLabel Mus\u00e9e du Maroc\u00bb\u00a0: les honneurs pour le MACAAL et la Fondation Alliances \u00e0 Marrakech"},"content":{"rendered":"\n<p>Le Mus\u00e9e d\u2019Art Contemporain Africain Al Maaden (MACAAL), lieu embl\u00e9matique port\u00e9 par la Fondation Alliances, s\u2019est vu tout r\u00e9cemment d\u00e9cerner le prestigieux label \u00abMus\u00e9e du Maroc\u00bb, attribu\u00e9 par la Fondation Nationale des Mus\u00e9es (FNM). Un honneur qui consacre l\u2019excellence des standards mus\u00e9ographiques du MACAAL et salue l\u2019engagement durable de la Fondation Alliances en faveur de l\u2019art, de la culture et du patrimoine artistique au Maroc.<\/p>\n\n\n\n<p>D\u00e9cern\u00e9 pour la premi\u00e8re fois dans le cadre d\u2019une c\u00e9r\u00e9monie organis\u00e9e le 11 mars dernier au Mus\u00e9e Mohammed VI d\u2019Art Moderne et Contemporain (MMVI) \u00e0 Rabat, le label \u00abMus\u00e9e du Maroc\u00bb distingue les institutions respectant les normes les plus exigeantes en mati\u00e8re de conservation, de gestion et de valorisation des collections, conform\u00e9ment aux dispositions de la loi \u00ab56-20\u00bb relative aux mus\u00e9es et de la loi \u00ab55-20\u00bb modifiant la loi \u00ab01-09\u00bb portant cr\u00e9ation de la FNM. Valable pour une dur\u00e9e de quatre ans renouvelables, cette certification s\u2019inscrit dans la volont\u00e9 royale de hisser les mus\u00e9es marocains aux standards internationaux.<\/p>\n\n\n\n<p><strong><em>Une fiert\u00e9 pour la Fondation Alliances<\/em><\/strong><\/p>\n\n\n\n<p>Le MACAAL figure parmi les premiers mus\u00e9es au Maroc \u00e0 recevoir le label \u00abMus\u00e9e du Maroc\u00bb. Projet phare de la Fondation Alliances, soutenue par le Groupe Alliances, ce mus\u00e9e incarne depuis sa cr\u00e9ation une ambition claire&nbsp;: faire de l\u2019art contemporain africain un espace de dialogue, de transmission et de rayonnement. Cette reconnaissance institutionnelle vient consacrer la constance et la vision de la Fondation Alliances, dont l\u2019engagement en faveur de la culture, de la cr\u00e9ation artistique et de la valorisation du patrimoine artistique africain s\u2019inscrit depuis des ann\u00e9es au c\u0153ur de son action.<\/p>\n\n\n\n<p><strong><em>Le c\u0153ur battant de la sc\u00e8ne culturelle marrakchie<\/em><\/strong><\/p>\n\n\n\n<p>Depuis son ouverture, le MACAAL s\u2019est impos\u00e9 comme un acteur majeur qui se d\u00e9die \u00e0 la vitalit\u00e9 de l\u2019art contemporain africain. Profond\u00e9ment ancr\u00e9 \u00e0 Marrakech, il contribue activement \u00e0 la dynamique culturelle de la ville ocre et participe au rayonnement artistique du Maroc, en accueillant des expositions, des programmes \u00e9ducatifs et des initiatives destin\u00e9es \u00e0 rapprocher les publics de la cr\u00e9ation contemporaine.<\/p>\n\n\n\n<p>Othman Lazraq, Pr\u00e9sident du MACAAL et de la Fondation Alliances, d\u00e9clare&nbsp;: \u00abNous sommes honor\u00e9s que le MACAAL fasse partie des premiers mus\u00e9es distingu\u00e9s par le label \u00abMus\u00e9e du Maroc\u00bb. Cette reconnaissance vient saluer les efforts que la Fondation Alliances m\u00e8ne depuis sa cr\u00e9ation en 2009 pour contribuer au d\u00e9veloppement social et culturel du Maroc et accompagner, dans la dur\u00e9e, la cr\u00e9ation contemporaine et les artistes dans leur d\u00e9marche. \u00c0 cette occasion, je tiens \u00e0 exprimer ma profonde gratitude \u00e0 Sa Majest\u00e9 le Roi Mohammed VI, dont la vision \u0153uvre \u00e0 hisser les mus\u00e9es marocains aux standards internationaux et \u00e0 valoriser notre patrimoine culturel. J\u2019adresse \u00e9galement mes remerciements \u00e0 Mehdi Qotbi, Pr\u00e9sident de la Fondation Nationale des Mus\u00e9es, ainsi qu\u2019\u00e0 son \u00e9quipe, pour leur engagement constant \u00e0 faire rayonner le Maroc et son patrimoine \u00e0 travers le monde\u00bb.<\/p>\n\n\n\n<p><strong><em>10 ans d\u2019engagement pour l\u2019art contemporain africain<\/em><\/strong><\/p>\n\n\n\n<p>Cette distinction intervient \u00e0 l\u2019aube d\u2019un moment symbolique&nbsp;: le MACAAL c\u00e9l\u00e9brera ses 10 ans \u00e0 l\u2019automne prochain. Depuis une d\u00e9cennie, le mus\u00e9e contribue \u00e0 fa\u00e7onner et diffuser les r\u00e9cits de l\u2019art contemporain africain depuis Marrakech, tout en d\u00e9veloppant une programmation ouverte au public et aux artistes du continent.<\/p>\n\n\n\n<p><strong><em>\u00c0 propos du MACAAL<\/em><\/strong><\/p>\n\n\n\n<p>Le Mus\u00e9e d\u2019Art Contemporain Africain Al Maaden (MACAAL) de Marrakech est un mus\u00e9e priv\u00e9 \u00e0 but non lucratif. L\u2019un des premiers du genre sur le continent, le MACAAL est d\u00e9di\u00e9 \u00e0 la promotion de l\u2019art africain \u00e0 travers les diff\u00e9rents programmes d\u2019\u00e9ducation et d\u2019expositions qu\u2019il propose et qui lui permettent de cultiver l\u2019int\u00e9r\u00eat de larges publics. \u00c0 travers l\u2019acquisition et l\u2019exposition des \u0153uvres d\u2019artistes autant \u00e9tablis qu\u2019\u00e9mergents, le mus\u00e9e favorise la compr\u00e9hension de l\u2019art contemporain africain et donne \u00e0 voir l\u2019\u00e9nergie cr\u00e9atrice et la diversit\u00e9 culturelle caract\u00e9ristiques du continent. Le MACAAL montre l\u2019art du Maroc et de ses pays voisins \u00e0 travers diff\u00e9rents m\u00e9diums. Outre sa collection permanente, les expositions mettent en lumi\u00e8re un art qui ouvre le dialogue avec le continent et pr\u00e9sentent aussi bien des artistes africains qu\u2019internationaux.<\/p>\n","protected":false},"excerpt":{"rendered":"<p>Le Mus\u00e9e d\u2019Art Contemporain Africain Al Maaden (MACAAL), lieu embl\u00e9matique port\u00e9 par la Fondation Alliances, s\u2019est vu tout r\u00e9cemment d\u00e9cerner le prestigieux label \u00abMus\u00e9e du Maroc\u00bb, attribu\u00e9 par la Fondation Nationale des Mus\u00e9es (FNM). Un honneur qui consacre l\u2019excellence des standards mus\u00e9ographiques du MACAAL et salue l\u2019engagement durable de la Fondation Alliances en faveur de &hellip;<\/p>\n","protected":false},"author":9,"featured_media":43261,"comment_status":"open","ping_status":"closed","sticky":false,"template":"","format":"standard","meta":{"footnotes":""},"categories":[51],"tags":[],"class_list":["post-43267","post","type-post","status-publish","format-standard","has-post-thumbnail","hentry","category-culture"],"_links":{"self":[{"href":"https:\/\/letempsmag.ma\/index.php?rest_route=\/wp\/v2\/posts\/43267","targetHints":{"allow":["GET"]}}],"collection":[{"href":"https:\/\/letempsmag.ma\/index.php?rest_route=\/wp\/v2\/posts"}],"about":[{"href":"https:\/\/letempsmag.ma\/index.php?rest_route=\/wp\/v2\/types\/post"}],"author":[{"embeddable":true,"href":"https:\/\/letempsmag.ma\/index.php?rest_route=\/wp\/v2\/users\/9"}],"replies":[{"embeddable":true,"href":"https:\/\/letempsmag.ma\/index.php?rest_route=%2Fwp%2Fv2%2Fcomments&post=43267"}],"version-history":[{"count":1,"href":"https:\/\/letempsmag.ma\/index.php?rest_route=\/wp\/v2\/posts\/43267\/revisions"}],"predecessor-version":[{"id":43271,"href":"https:\/\/letempsmag.ma\/index.php?rest_route=\/wp\/v2\/posts\/43267\/revisions\/43271"}],"wp:featuredmedia":[{"embeddable":true,"href":"https:\/\/letempsmag.ma\/index.php?rest_route=\/wp\/v2\/media\/43261"}],"wp:attachment":[{"href":"https:\/\/letempsmag.ma\/index.php?rest_route=%2Fwp%2Fv2%2Fmedia&parent=43267"}],"wp:term":[{"taxonomy":"category","embeddable":true,"href":"https:\/\/letempsmag.ma\/index.php?rest_route=%2Fwp%2Fv2%2Fcategories&post=43267"},{"taxonomy":"post_tag","embeddable":true,"href":"https:\/\/letempsmag.ma\/index.php?rest_route=%2Fwp%2Fv2%2Ftags&post=43267"}],"curies":[{"name":"wp","href":"https:\/\/api.w.org\/{rel}","templated":true}]}}