{"id":43250,"date":"2026-03-16T09:51:14","date_gmt":"2026-03-16T08:51:14","guid":{"rendered":"https:\/\/letempsmag.ma\/?p=43250"},"modified":"2026-03-16T09:51:15","modified_gmt":"2026-03-16T08:51:15","slug":"rehamna-fait-valoir-son-identite-touristique","status":"publish","type":"post","link":"https:\/\/letempsmag.ma\/?p=43250","title":{"rendered":"Rehamna fait valoir son identit\u00e9 touristique"},"content":{"rendered":"\n<p>Dans une atmosph\u00e8re de mobilisation collective et de volont\u00e9 partag\u00e9e, la province de Rehamna a accueilli r\u00e9cemment une r\u00e9union fondatrice au cours de laquelle le Conseil R\u00e9gional du Tourisme Marrakech-Safi a officiellement lanc\u00e9 son programme d&#8217;accompagnement des acteurs du secteur de l&#8217;hospitalit\u00e9. Le Gouverneur de la province a pr\u00e9sid\u00e9 cette rencontre; un geste fort, porteur d&#8217;un engagement personnel clair&nbsp;: hisser Rehamna au rang qu&#8217;elle m\u00e9rite dans le d\u00e9veloppement touristique durable de la r\u00e9gion Marrakech-Safi.<\/p>\n\n\n\n<p>Con\u00e7u dans le cadre d&#8217;un partenariat structurant avec le Conseil de la R\u00e9gion Marrakech-Safi, le programme constitue un outil d&#8217;appui concret et cibl\u00e9, pens\u00e9 en priorit\u00e9 pour les tr\u00e8s petites et petites entreprises actives dans l&#8217;h\u00e9bergement, les exp\u00e9riences touristiques, la restauration, l&#8217;artisanat et les services connexes au tourisme.<\/p>\n\n\n\n<p><strong><em>Une \u00e9tape cl\u00e9 dans le d\u00e9ploiement r\u00e9gional<\/em><\/strong><\/p>\n\n\n\n<p>La province de Rehamna n&#8217;est pas une simple \u00e9tape dans le d\u00e9ploiement du programme. Elle en est l&#8217;illustration vivante. Territoire authentique, porteur d&#8217;un patrimoine naturel, culturel et humain singulier, Rehamna reste encore largement sous-repr\u00e9sent\u00e9e dans les circuits touristiques r\u00e9gionaux et nationaux, malgr\u00e9 un potentiel r\u00e9el et distinctif.<\/p>\n\n\n\n<p>L&#8217;implication personnelle des autorit\u00e9s locales dans l&#8217;organisation et la conduite de cette rencontre traduit une conviction profonde : le d\u00e9veloppement touristique durable de la r\u00e9gion Marrakech-Safi passe n\u00e9cessairement par l&#8217;int\u00e9gration pleine et enti\u00e8re de ses provinces, y compris celles qui n&#8217;ont pas encore b\u00e9n\u00e9fici\u00e9 de la m\u00eame visibilit\u00e9 que la m\u00e9tropole marrakchie. Cette rencontre visait ainsi \u00e0 sensibiliser les acteurs locaux \u00e0 la d\u00e9marche d&#8217;accompagnement, \u00e0 en expliciter les modalit\u00e9s pratiques et \u00e0 enclencher une dynamique collective de structuration et de valorisation de l&#8217;offre touristique provinciale. Le moment est venu de passer du potentiel \u00e0 l&#8217;acte.<\/p>\n\n\n\n<p><strong><em>Accompagnement orient\u00e9 vers la distribution<\/em><\/strong><\/p>\n\n\n\n<p>Le programme s&#8217;appuie sur une approche progressive et pragmatique, ancr\u00e9e dans les besoins op\u00e9rationnels r\u00e9els des acteurs. L&#8217;objectif : am\u00e9liorer la lisibilit\u00e9 des offres, la qualit\u00e9 de l&#8217;information disponible pour les visiteurs et la coh\u00e9rence de la pr\u00e9sence num\u00e9rique, afin de faciliter l&#8217;int\u00e9gration des op\u00e9rateurs dans les circuits de distribution touristique digitale.<\/p>\n\n\n\n<p>Abderrahim Bentbib, Directeur G\u00e9n\u00e9ral du Conseil R\u00e9gional du Tourisme Marrakech-Safi, d\u00e9clare&nbsp;: \u00abRehamna incarne parfaitement ce que ce programme cherche \u00e0 valoriser : un territoire authentique, \u00e0 l&#8217;identit\u00e9 affirm\u00e9e, dont les acteurs ont la capacit\u00e9 de proposer des exp\u00e9riences touristiques de grande qualit\u00e9. Notre r\u00f4le est de leur donner les outils pour structurer leurs offres, am\u00e9liorer leur visibilit\u00e9 et s&#8217;int\u00e9grer pleinement dans les circuits de distribution. Nous sommes convaincus que ce d\u00e9ploiement provincial repr\u00e9sente une \u00e9tape d\u00e9cisive dans la construction d&#8217;un tourisme r\u00e9gional plus inclusif et plus \u00e9quilibr\u00e9\u00bb.<\/p>\n\n\n\n<p><strong><em>\u00c0 propos du CRT Marrakech-Safi<\/em><\/strong><\/p>\n\n\n\n<p>Le Conseil R\u00e9gional du Tourisme Marrakech-Safi \u0153uvre au d\u00e9veloppement et \u00e0 la promotion de la destination r\u00e9gionale, en accompagnant les acteurs du secteur et en renfor\u00e7ant l&#8217;attractivit\u00e9 touristique des provinces de la r\u00e9gion, en coh\u00e9rence avec une vision touristique nationale ambitieuse.<\/p>\n","protected":false},"excerpt":{"rendered":"<p>Dans une atmosph\u00e8re de mobilisation collective et de volont\u00e9 partag\u00e9e, la province de Rehamna a accueilli r\u00e9cemment une r\u00e9union fondatrice au cours de laquelle le Conseil R\u00e9gional du Tourisme Marrakech-Safi a officiellement lanc\u00e9 son programme d&#8217;accompagnement des acteurs du secteur de l&#8217;hospitalit\u00e9. Le Gouverneur de la province a pr\u00e9sid\u00e9 cette rencontre; un geste fort, porteur &hellip;<\/p>\n","protected":false},"author":9,"featured_media":43241,"comment_status":"open","ping_status":"closed","sticky":false,"template":"","format":"standard","meta":{"footnotes":""},"categories":[205],"tags":[],"class_list":["post-43250","post","type-post","status-publish","format-standard","has-post-thumbnail","hentry","category-regions-2"],"_links":{"self":[{"href":"https:\/\/letempsmag.ma\/index.php?rest_route=\/wp\/v2\/posts\/43250","targetHints":{"allow":["GET"]}}],"collection":[{"href":"https:\/\/letempsmag.ma\/index.php?rest_route=\/wp\/v2\/posts"}],"about":[{"href":"https:\/\/letempsmag.ma\/index.php?rest_route=\/wp\/v2\/types\/post"}],"author":[{"embeddable":true,"href":"https:\/\/letempsmag.ma\/index.php?rest_route=\/wp\/v2\/users\/9"}],"replies":[{"embeddable":true,"href":"https:\/\/letempsmag.ma\/index.php?rest_route=%2Fwp%2Fv2%2Fcomments&post=43250"}],"version-history":[{"count":1,"href":"https:\/\/letempsmag.ma\/index.php?rest_route=\/wp\/v2\/posts\/43250\/revisions"}],"predecessor-version":[{"id":43251,"href":"https:\/\/letempsmag.ma\/index.php?rest_route=\/wp\/v2\/posts\/43250\/revisions\/43251"}],"wp:featuredmedia":[{"embeddable":true,"href":"https:\/\/letempsmag.ma\/index.php?rest_route=\/wp\/v2\/media\/43241"}],"wp:attachment":[{"href":"https:\/\/letempsmag.ma\/index.php?rest_route=%2Fwp%2Fv2%2Fmedia&parent=43250"}],"wp:term":[{"taxonomy":"category","embeddable":true,"href":"https:\/\/letempsmag.ma\/index.php?rest_route=%2Fwp%2Fv2%2Fcategories&post=43250"},{"taxonomy":"post_tag","embeddable":true,"href":"https:\/\/letempsmag.ma\/index.php?rest_route=%2Fwp%2Fv2%2Ftags&post=43250"}],"curies":[{"name":"wp","href":"https:\/\/api.w.org\/{rel}","templated":true}]}}