{"id":43146,"date":"2026-03-12T11:07:36","date_gmt":"2026-03-12T10:07:36","guid":{"rendered":"https:\/\/letempsmag.ma\/?p=43146"},"modified":"2026-03-12T11:07:37","modified_gmt":"2026-03-12T10:07:37","slug":"le-maroc-organise-a-travers-lagence-bayt-mal-al-qods-acharif-des-campagnes-medicales-pour-les-maqdessis","status":"publish","type":"post","link":"https:\/\/letempsmag.ma\/?p=43146","title":{"rendered":"Le Maroc organise, \u00e0 travers l&#8217;Agence Bayt Mal Al-Qods Acharif, des campagnes m\u00e9dicales pour les Maqdessis"},"content":{"rendered":"\n<p>L\u2019Agence Bayt Mal Al-Qods Acharif, relevant du Comit\u00e9 Al-Qods pr\u00e9sid\u00e9 par S.M. le Roi Mohammed VI, avait intensifi\u00e9 ses efforts en d\u00e9cembre dernier en \u00e9quipant 20 points de soins de sant\u00e9 primaire dans plusieurs villages du gouvernorat d\u2019Al-Qods, dont Wadi Abou Hindi, Al-Khan Al-Ahmar, Biddou Al-Khalil, Al-Muntar, Jaba\u2019 et Mikhmas, outre l\u2019appui apport\u00e9 aux \u00e9coles en fournitures scolaires et en outils num\u00e9riques.<\/p>\n\n\n\n<p>Aujourd\u2019hui, l\u2019Agence s\u2019active dans la localit\u00e9 de Biddou Al-Khalil, au nord-ouest d\u2019Al-Qods, o\u00f9 a \u00e9t\u00e9 am\u00e9nag\u00e9 un cabinet m\u00e9dical \u00e0 ciel ouvert destin\u00e9 \u00e0 des dizaines d\u2019habitants pour b\u00e9n\u00e9ficier d&#8217;examens m\u00e9dicaux ou consulter des m\u00e9decins.<\/p>\n\n\n\n<p>L\u2019Agence Bayt Mal Al-Qods Acharif a ainsi poursuivi, mardi et mercredi derniers, ses campagnes m\u00e9dicales de proximit\u00e9 destin\u00e9es aux communaut\u00e9s b\u00e9douines et aux villages recul\u00e9s du gouvernorat d\u2019Al-Qods, dans le cadre de son programme annuel d\u2019assistance sociale, \u00e0 l\u2019occasion du mois sacr\u00e9 de Ramadan de l\u2019an 1447 de l\u2019H\u00e9gire.<\/p>\n\n\n\n<p><strong><em>Une opportunit\u00e9 sociale<\/em><\/strong><\/p>\n\n\n\n<p>La campagne m\u00e9dicale a fait escale, mercredi, dans la localit\u00e9 de Biddou, apr\u00e8s avoir fourni des prestations dans celles de Khan Al-Ahmar, Al-Jahalin, Al-Muntar, Beit Anan, Jaba\u2019, As-Sawahira, Qatana, le camp de Qalandia, Beit Hanina Al-Balad et Al-Qubeiba, en partenariat avec les laboratoires \u00abAstra Lab\u00bb.<\/p>\n\n\n\n<p>Pour Amal Hussein Abou Eid, une b\u00e9n\u00e9ficiaire originaire de la localit\u00e9 de Biddou, cette initiative repr\u00e9sente une opportunit\u00e9 pour de nombreux habitants de la r\u00e9gion, confront\u00e9s \u00e0 des conditions \u00e9conomiques difficiles, d\u2019acc\u00e9der \u00e0 des services de sant\u00e9.<\/p>\n\n\n\n<p>La campagne a propos\u00e9 plusieurs prestations m\u00e9dicales, notamment des analyses \u00e0 travers un laboratoire mobile, ainsi que des consultations en m\u00e9decine interne, en p\u00e9diatrie et en ophtalmologie. \u00c0 cette occasion, l&#8217;ancien pr\u00e9sident de la municipalit\u00e9 de Biddu, Salem Abu Eid, a affirm\u00e9 que l\u2019organisation de cette campagne m\u00e9dicale dans la r\u00e9gion refl\u00e8te la dimension humanitaire des initiatives men\u00e9es par l\u2019Agence Bayt Mal Al-Qods Acharif, notamment dans les zones recul\u00e9es et les communaut\u00e9s b\u00e9douines autour d\u2019Al-Qods. Il a ajout\u00e9 que l\u2019Agence veille constamment \u00e0 soutenir les personnes dans le besoin et les familles d\u00e9munies, \u00e0 travers des initiatives humanitaires et m\u00e9dicales contribuant \u00e0 all\u00e9ger leurs souffrances, en particulier dans le contexte des conditions \u00e9conomiques et sociales difficiles que traverse la r\u00e9gion.<\/p>\n\n\n\n<p><strong><em>Solidarit\u00e9 constante<\/em><\/strong><\/p>\n\n\n\n<p>De son c\u00f4t\u00e9, Dalia Jaradat, Directrice des laboratoires \u00abAstra Lab\u00bb, a indiqu\u00e9 que ces campagnes m\u00e9dicales de proximit\u00e9 visent \u00e0 atteindre les communaut\u00e9s souffrant d&#8217;un acc\u00e8s limit\u00e9 aux services de sant\u00e9, afin d\u2019aider les habitants \u00e0 s&#8217;assurer de leur \u00e9tat de sant\u00e9. Elle a pr\u00e9cis\u00e9 que lors de ces campagnes les \u00e9quipes m\u00e9dicales ont accord\u00e9 une attention particuli\u00e8re au d\u00e9pistage pr\u00e9coce des maladies chez les enfants, au suivi des maladies internes chez les adultes, ainsi qu\u2019aux examens de la vue.<\/p>\n\n\n\n<p>Les habitants des villages et des communaut\u00e9s b\u00e9douines situ\u00e9s aux alentours d\u2019Al-Qods font face \u00e0 des d\u00e9fis quotidiens qui d\u00e9passent le simple manque de m\u00e9dicaments ou d\u2019\u00e9quipements m\u00e9dicaux, incluant la faiblesse des infrastructures sanitaires, le manque de personnel m\u00e9dical et la difficult\u00e9 d\u2019acc\u00e8s aux h\u00f4pitaux et aux centres de sant\u00e9.<\/p>\n\n\n\n<p>Les campagnes m\u00e9dicales men\u00e9es par l\u2019Agence Bayt Mal Al-Qods Acharif contribuent r\u00e9guli\u00e8rement \u00e0 att\u00e9nuer les souffrances des habitants et \u00e0 assurer un minimum de soins de sant\u00e9 \u00e0 m\u00eame de renforcer la capacit\u00e9 des familles \u00e0 faire face aux d\u00e9fis et aux pressions continues visant leur pr\u00e9sence.<\/p>\n","protected":false},"excerpt":{"rendered":"<p>L\u2019Agence Bayt Mal Al-Qods Acharif, relevant du Comit\u00e9 Al-Qods pr\u00e9sid\u00e9 par S.M. le Roi Mohammed VI, avait intensifi\u00e9 ses efforts en d\u00e9cembre dernier en \u00e9quipant 20 points de soins de sant\u00e9 primaire dans plusieurs villages du gouvernorat d\u2019Al-Qods, dont Wadi Abou Hindi, Al-Khan Al-Ahmar, Biddou Al-Khalil, Al-Muntar, Jaba\u2019 et Mikhmas, outre l\u2019appui apport\u00e9 aux \u00e9coles &hellip;<\/p>\n","protected":false},"author":9,"featured_media":43131,"comment_status":"open","ping_status":"closed","sticky":false,"template":"","format":"standard","meta":{"footnotes":""},"categories":[137],"tags":[],"class_list":["post-43146","post","type-post","status-publish","format-standard","has-post-thumbnail","hentry","category-solidarite-2"],"_links":{"self":[{"href":"https:\/\/letempsmag.ma\/index.php?rest_route=\/wp\/v2\/posts\/43146","targetHints":{"allow":["GET"]}}],"collection":[{"href":"https:\/\/letempsmag.ma\/index.php?rest_route=\/wp\/v2\/posts"}],"about":[{"href":"https:\/\/letempsmag.ma\/index.php?rest_route=\/wp\/v2\/types\/post"}],"author":[{"embeddable":true,"href":"https:\/\/letempsmag.ma\/index.php?rest_route=\/wp\/v2\/users\/9"}],"replies":[{"embeddable":true,"href":"https:\/\/letempsmag.ma\/index.php?rest_route=%2Fwp%2Fv2%2Fcomments&post=43146"}],"version-history":[{"count":1,"href":"https:\/\/letempsmag.ma\/index.php?rest_route=\/wp\/v2\/posts\/43146\/revisions"}],"predecessor-version":[{"id":43147,"href":"https:\/\/letempsmag.ma\/index.php?rest_route=\/wp\/v2\/posts\/43146\/revisions\/43147"}],"wp:featuredmedia":[{"embeddable":true,"href":"https:\/\/letempsmag.ma\/index.php?rest_route=\/wp\/v2\/media\/43131"}],"wp:attachment":[{"href":"https:\/\/letempsmag.ma\/index.php?rest_route=%2Fwp%2Fv2%2Fmedia&parent=43146"}],"wp:term":[{"taxonomy":"category","embeddable":true,"href":"https:\/\/letempsmag.ma\/index.php?rest_route=%2Fwp%2Fv2%2Fcategories&post=43146"},{"taxonomy":"post_tag","embeddable":true,"href":"https:\/\/letempsmag.ma\/index.php?rest_route=%2Fwp%2Fv2%2Ftags&post=43146"}],"curies":[{"name":"wp","href":"https:\/\/api.w.org\/{rel}","templated":true}]}}