{"id":43144,"date":"2026-03-12T11:06:38","date_gmt":"2026-03-12T10:06:38","guid":{"rendered":"https:\/\/letempsmag.ma\/?p=43144"},"modified":"2026-03-12T11:12:41","modified_gmt":"2026-03-12T10:12:41","slug":"les-chefs-dentreprises-anticipent-une-evolution-positive-sur-le-1er-trimestre-2026","status":"publish","type":"post","link":"https:\/\/letempsmag.ma\/?p=43144","title":{"rendered":"Les chefs d\u2019entreprises anticipent une \u00e9volution positive sur le 1er trimestre 2026"},"content":{"rendered":"\n<p>Le Haut Commissariat au Plan (HCP) vient de publier une note relatant les principales appr\u00e9ciations des chefs d\u2019entreprises telles qu\u2019elles ressortent des enqu\u00eates de conjoncture r\u00e9alis\u00e9es par l\u2019institution au titre du 1<sup>er<\/sup> trimestre 2026. L\u2019enqu\u00eate a \u00e9t\u00e9 men\u00e9e aupr\u00e8s d\u2019entreprises op\u00e9rant dans les secteurs des services marchands non financiers et du commerce de gros. Les appr\u00e9ciations portent sur l\u2019\u00e9volution de l\u2019activit\u00e9 au cours du 4<sup>\u00e8me<\/sup> trimestre2025 et les anticipations pour le 1<sup>er<\/sup> trimestre 2026.<\/p>\n\n\n\n<p><strong><em>Secteur des Services marchands non financiers<\/em><\/strong><\/p>\n\n\n\n<p>Au 4<sup>\u00e8me<\/sup> trimestre 2025, l\u2019activit\u00e9 du secteur des services marchands non financiers aurait enregistr\u00e9 une baisse selon 49% des patrons et une hausse selon 34%. Cette \u00e9volution aurait \u00e9t\u00e9 le r\u00e9sultat, d\u2019une part, de la baisse des activit\u00e9s de t\u00e9l\u00e9communications, du transport a\u00e9rien et des activit\u00e9s de location et location-bail et, d\u2019autre part, de l\u2019augmentation d\u2019activit\u00e9 enregistr\u00e9e dans les branches de l\u2019h\u00e9bergement et restauration, des transports terrestres et transports par conduites et de l\u2019entreposage et services auxiliaires des transports.<\/p>\n\n\n\n<p>Le taux d\u2019utilisation des capacit\u00e9s de prestation (TUC) du secteur se serait \u00e9tabli \u00e0 74%. Les carnets de commande du secteur se seraient situ\u00e9s \u00e0 un niveau normal selon 84% des patrons. L\u2019emploi aurait connu une augmentation selon 23% des chefs d\u2019entreprises, et une stabilit\u00e9 selon 60%.<\/p>\n\n\n\n<p>Le remplacement d\u2019une partie des \u00e9quipements et l\u2019extension de l\u2019activit\u00e9 auraient fait l\u2019objet des principales d\u00e9penses d\u2019investissements r\u00e9alis\u00e9es en 2025, selon 83% des chefs d\u2019entreprises relevant du secteur des services marchands non financiers.<\/p>\n\n\n\n<p><strong><em>Secteur du commerce de gros<\/em><\/strong><\/p>\n\n\n\n<p>Au 4<sup>\u00e8me<\/sup> trimestre 2025, les ventes du secteur du commerce de gros sur le march\u00e9 local auraient connu une augmentation selon 26% des grossistes, et une stabilit\u00e9 selon 62%. Cette \u00e9volution serait due principalement, d\u2019une part, \u00e0 la hausse des ventes dans le commerce de gros d&#8217;\u00e9quipements de l&#8217;information et de la communication, le commerce de gros d&#8217;autres \u00e9quipements industriels et autres commerces de gros sp\u00e9cialis\u00e9s et, d\u2019autre part, \u00e0 la baisse des ventes dans le commerce de gros de produits alimentaires, de boissons et de tabac.<\/p>\n\n\n\n<p>L\u2019emploi aurait connu une stabilit\u00e9 selon 86% des chefs d\u2019entreprise. Les stocks de marchandises se seraient situ\u00e9s \u00e0 un niveau normal selon 88% des grossistes. Par ailleurs, les prix de vente auraient affich\u00e9 une baisse selon 32% des chefs d\u2019entreprises, et une stabilit\u00e9 selon 66%.<\/p>\n\n\n\n<p><strong><em>Anticipations des chefs d\u2019entreprises pour le 1<\/em><\/strong><strong><em><sup>er<\/sup><\/em><\/strong><strong><em> trimestre 2026<\/em><\/strong><\/p>\n\n\n\n<figure class=\"wp-block-image size-full\"><img loading=\"lazy\" decoding=\"async\" width=\"826\" height=\"509\" src=\"https:\/\/letempsmag.ma\/wp-content\/uploads\/2026\/03\/Capturelasto.jpg\" alt=\"\" class=\"wp-image-43149\" srcset=\"https:\/\/letempsmag.ma\/wp-content\/uploads\/2026\/03\/Capturelasto.jpg 826w, https:\/\/letempsmag.ma\/wp-content\/uploads\/2026\/03\/Capturelasto-300x185.jpg 300w, https:\/\/letempsmag.ma\/wp-content\/uploads\/2026\/03\/Capturelasto-768x473.jpg 768w\" sizes=\"auto, (max-width: 826px) 100vw, 826px\" \/><\/figure>\n\n\n\n<p>Secteur des Services marchands non financiers&nbsp;:<\/p>\n\n\n\n<p>Les anticipations des chefs d&#8217;entreprises du secteur des services marchands non financiers, pour le 1<sup>er<\/sup> trimestre 2026, r\u00e9v\u00e8lent une augmentation de l\u2019activit\u00e9 globale selon 36% d\u2019entre eux, et une baisse selon 14%. Ces anticipations seraient dues, d\u2019une part, \u00e0 la hausse de l\u2019activit\u00e9 pr\u00e9vue dans les branches des transports terrestres et transport par conduites et de l\u2019entreposage et services auxiliaires des transports et, d\u2019autre part, \u00e0 la baisse de l\u2019activit\u00e9 pr\u00e9vue dans les branches des transports par eau, des activit\u00e9s de location et location-bail et des activit\u00e9s immobili\u00e8res.<\/p>\n\n\n\n<p>Dans ce secteur, 63% des chefs d\u2019entreprise pr\u00e9voient une stabilit\u00e9 de la demande, et 28% anticipent une augmentation. S\u2019agissant des effectifs employ\u00e9s, 61% des patrons tablent sur une stabilit\u00e9, et 22% pr\u00e9voient une hausse.<\/p>\n\n\n\n<p>Secteur du commerce de gros&nbsp;:<\/p>\n\n\n\n<p>Les anticipations des grossistes, pour le 1er trimestre 2026, affichent une hausse du volume global des ventes selon 22% d\u2019entre eux, et une stabilit\u00e9 selon 68%. Cette \u00e9volution serait principalement attribuable, d\u2019une part, \u00e0 la hausse pr\u00e9vue des ventes dans le commerce de gros de produits alimentaires, de boissons et de tabac, le commerce de gros de biens domestiques et le commerce de gros de produits agricoles bruts et d&#8217;animaux vivants et, d\u2019autres part, \u00e0 la baisse des ventes attendues dans le commerce de gros d&#8217;\u00e9quipements de l&#8217;information et de la communication et les autres commerces de gros sp\u00e9cialis\u00e9s.<\/p>\n\n\n\n<p>Les commandes pr\u00e9vues pour le 1<sup>er<\/sup> trimestre 2026 seraient d\u2019un niveau normal selon 79% des chefs d\u2019entreprises. L\u2019emploi conna\u00eetrait une augmentation des effectifs selon 21% des grossistes, et une stabilit\u00e9 selon 77%.<\/p>\n","protected":false},"excerpt":{"rendered":"<p>Le Haut Commissariat au Plan (HCP) vient de publier une note relatant les principales appr\u00e9ciations des chefs d\u2019entreprises telles qu\u2019elles ressortent des enqu\u00eates de conjoncture r\u00e9alis\u00e9es par l\u2019institution au titre du 1er trimestre 2026. L\u2019enqu\u00eate a \u00e9t\u00e9 men\u00e9e aupr\u00e8s d\u2019entreprises op\u00e9rant dans les secteurs des services marchands non financiers et du commerce de gros. Les &hellip;<\/p>\n","protected":false},"author":9,"featured_media":43128,"comment_status":"open","ping_status":"closed","sticky":false,"template":"","format":"standard","meta":{"footnotes":""},"categories":[110],"tags":[],"class_list":["post-43144","post","type-post","status-publish","format-standard","has-post-thumbnail","hentry","category-conjoncture"],"_links":{"self":[{"href":"https:\/\/letempsmag.ma\/index.php?rest_route=\/wp\/v2\/posts\/43144","targetHints":{"allow":["GET"]}}],"collection":[{"href":"https:\/\/letempsmag.ma\/index.php?rest_route=\/wp\/v2\/posts"}],"about":[{"href":"https:\/\/letempsmag.ma\/index.php?rest_route=\/wp\/v2\/types\/post"}],"author":[{"embeddable":true,"href":"https:\/\/letempsmag.ma\/index.php?rest_route=\/wp\/v2\/users\/9"}],"replies":[{"embeddable":true,"href":"https:\/\/letempsmag.ma\/index.php?rest_route=%2Fwp%2Fv2%2Fcomments&post=43144"}],"version-history":[{"count":2,"href":"https:\/\/letempsmag.ma\/index.php?rest_route=\/wp\/v2\/posts\/43144\/revisions"}],"predecessor-version":[{"id":43150,"href":"https:\/\/letempsmag.ma\/index.php?rest_route=\/wp\/v2\/posts\/43144\/revisions\/43150"}],"wp:featuredmedia":[{"embeddable":true,"href":"https:\/\/letempsmag.ma\/index.php?rest_route=\/wp\/v2\/media\/43128"}],"wp:attachment":[{"href":"https:\/\/letempsmag.ma\/index.php?rest_route=%2Fwp%2Fv2%2Fmedia&parent=43144"}],"wp:term":[{"taxonomy":"category","embeddable":true,"href":"https:\/\/letempsmag.ma\/index.php?rest_route=%2Fwp%2Fv2%2Fcategories&post=43144"},{"taxonomy":"post_tag","embeddable":true,"href":"https:\/\/letempsmag.ma\/index.php?rest_route=%2Fwp%2Fv2%2Ftags&post=43144"}],"curies":[{"name":"wp","href":"https:\/\/api.w.org\/{rel}","templated":true}]}}