{"id":43138,"date":"2026-03-12T11:02:54","date_gmt":"2026-03-12T10:02:54","guid":{"rendered":"https:\/\/letempsmag.ma\/?p=43138"},"modified":"2026-03-12T11:02:54","modified_gmt":"2026-03-12T10:02:54","slug":"nabyla-maan-donne-un-grand-concert-a-rabat","status":"publish","type":"post","link":"https:\/\/letempsmag.ma\/?p=43138","title":{"rendered":"Nabyla Maan donne un grand concert \u00e0 Rabat"},"content":{"rendered":"\n<p>La chanteuse marocaine Nabyla Maan donne rendez-vous au public \u00e0 Rabat pour un concert exceptionnel sous le signe de l\u2019\u00e9motion et du partage, le vendredi 13 mars 2026 au Th\u00e9\u00e2tre Al Mansour. Organis\u00e9e pendant le mois sacr\u00e9 du Ramadan, cette soir\u00e9e promet un moment musical unique o\u00f9 patrimoine et modernit\u00e9 se rencontrent dans une atmosph\u00e8re chaleureuse et spirituelle.<\/p>\n\n\n\n<p>Reconnue pour sa voix puissante et sa sensibilit\u00e9 artistique, Nabyla Maan s\u2019impose depuis plusieurs ann\u00e9es comme l\u2019une des figures majeures de la sc\u00e8ne musicale marocaine contemporaine. H\u00e9riti\u00e8re d\u2019une tradition musicale riche, elle revisite avec \u00e9l\u00e9gance les r\u00e9pertoires du Melhoun, de la musique marocaine classique et de l\u2019arabo-andalou, qu\u2019elle m\u00eale \u00e0 des influences jazz et \u00e0 des sonorit\u00e9s venues d\u2019ailleurs.<\/p>\n\n\n\n<p>Pour ce concert in\u00e9dit \u00e0 Rabat, l\u2019artiste sera accompagn\u00e9e sur sc\u00e8ne par le musicien Tarik Hilal et son quartet live. Ensemble, ils proposeront une interpr\u00e9tation raffin\u00e9e et contemporaine d\u2019un patrimoine musical intemporel. Le public pourra red\u00e9couvrir certains des titres les plus marquants de la chanteuse, ainsi que des arrangements sp\u00e9cialement con\u00e7us pour cette soir\u00e9e.<\/p>\n\n\n\n<p><strong><em>Des morceaux d\u2019anthologie<\/em><\/strong><\/p>\n\n\n\n<p>Au programme, un voyage musical \u00e0 travers plus d\u2019une centaine de chansons marquantes de son r\u00e9pertoire. Parmi ces morceaux, des titres d\u2019anthologie tels que \u00abLrzel Fatma\u00bb et \u00abLella Menna\u00bb, deux titres r\u00e9cemment remis \u00e0 l\u2019honneur et actuellement tr\u00e8s pr\u00e9sents dans l\u2019actualit\u00e9 musicale, ainsi que la chanson du g\u00e9n\u00e9rique de la s\u00e9rie diffus\u00e9e pendant ce Ramadan, interpr\u00e9t\u00e9e par l\u2019artiste et d\u00e9j\u00e0 largement adopt\u00e9e par le public.<\/p>\n\n\n\n<p>Entre grands succ\u00e8s, improvisations et surprises musicales, ce concert se veut une v\u00e9ritable travers\u00e9e artistique, o\u00f9 la tradition se r\u00e9invente \u00e0 travers une approche moderne et ouverte sur le monde. Dans l\u2019intimit\u00e9 du Th\u00e9\u00e2tre Al Mansour, les spectateurs seront invit\u00e9s \u00e0 vivre une exp\u00e9rience immersive fid\u00e8le \u00e0 l\u2019esprit des nuits ramadaniennes, propices \u00e0 la contemplation et \u00e0 la c\u00e9l\u00e9bration de la culture.<\/p>\n\n\n\n<p>Situ\u00e9 \u00e0 proximit\u00e9 imm\u00e9diate de la gare d\u2019Agdal, le Th\u00e9\u00e2tre Al Mansour accueillera le public \u00e0 partir de 21h30, pour un d\u00e9but de concert pr\u00e9vu \u00e0 22h. Plusieurs cat\u00e9gories de places sont propos\u00e9es afin de permettre au plus grand nombre de profiter de cet \u00e9v\u00e9nement&nbsp;: VIP \u00e0 200 DH, Silver \u00e0 150 DH et Balcon \u00e0 100 DH.<\/p>\n\n\n\n<p>Un rendez-vous musical qui s\u2019annonce comme l\u2019un des temps forts culturels de la saison \u00e0 Rabat. L\u2019\u00e9v\u00e9nement est organis\u00e9 par Prime-Scene, en partenariat avec \u00abGuichet.com\u00bb et \u00abU Radio\u00bb.<\/p>\n","protected":false},"excerpt":{"rendered":"<p>La chanteuse marocaine Nabyla Maan donne rendez-vous au public \u00e0 Rabat pour un concert exceptionnel sous le signe de l\u2019\u00e9motion et du partage, le vendredi 13 mars 2026 au Th\u00e9\u00e2tre Al Mansour. Organis\u00e9e pendant le mois sacr\u00e9 du Ramadan, cette soir\u00e9e promet un moment musical unique o\u00f9 patrimoine et modernit\u00e9 se rencontrent dans une atmosph\u00e8re &hellip;<\/p>\n","protected":false},"author":9,"featured_media":43126,"comment_status":"open","ping_status":"closed","sticky":false,"template":"","format":"standard","meta":{"footnotes":""},"categories":[332],"tags":[],"class_list":["post-43138","post","type-post","status-publish","format-standard","has-post-thumbnail","hentry","category-musique"],"_links":{"self":[{"href":"https:\/\/letempsmag.ma\/index.php?rest_route=\/wp\/v2\/posts\/43138","targetHints":{"allow":["GET"]}}],"collection":[{"href":"https:\/\/letempsmag.ma\/index.php?rest_route=\/wp\/v2\/posts"}],"about":[{"href":"https:\/\/letempsmag.ma\/index.php?rest_route=\/wp\/v2\/types\/post"}],"author":[{"embeddable":true,"href":"https:\/\/letempsmag.ma\/index.php?rest_route=\/wp\/v2\/users\/9"}],"replies":[{"embeddable":true,"href":"https:\/\/letempsmag.ma\/index.php?rest_route=%2Fwp%2Fv2%2Fcomments&post=43138"}],"version-history":[{"count":1,"href":"https:\/\/letempsmag.ma\/index.php?rest_route=\/wp\/v2\/posts\/43138\/revisions"}],"predecessor-version":[{"id":43139,"href":"https:\/\/letempsmag.ma\/index.php?rest_route=\/wp\/v2\/posts\/43138\/revisions\/43139"}],"wp:featuredmedia":[{"embeddable":true,"href":"https:\/\/letempsmag.ma\/index.php?rest_route=\/wp\/v2\/media\/43126"}],"wp:attachment":[{"href":"https:\/\/letempsmag.ma\/index.php?rest_route=%2Fwp%2Fv2%2Fmedia&parent=43138"}],"wp:term":[{"taxonomy":"category","embeddable":true,"href":"https:\/\/letempsmag.ma\/index.php?rest_route=%2Fwp%2Fv2%2Fcategories&post=43138"},{"taxonomy":"post_tag","embeddable":true,"href":"https:\/\/letempsmag.ma\/index.php?rest_route=%2Fwp%2Fv2%2Ftags&post=43138"}],"curies":[{"name":"wp","href":"https:\/\/api.w.org\/{rel}","templated":true}]}}