{"id":43125,"date":"2026-03-12T10:59:05","date_gmt":"2026-03-12T09:59:05","guid":{"rendered":"https:\/\/letempsmag.ma\/?p=43125"},"modified":"2026-03-12T11:01:10","modified_gmt":"2026-03-12T10:01:10","slug":"avec-partner2connect-huawei-a-fourni-une-connexion-a-170-millions-de-personnes-dans-le-monde","status":"publish","type":"post","link":"https:\/\/letempsmag.ma\/?p=43125","title":{"rendered":"Avec \u00abPartner2Connect\u00bb, Huawei a fourni une connexion \u00e0 170 millions de personnes dans le monde"},"content":{"rendered":"\n<p>Huawei a fourni jusqu\u2019\u00e0 pr\u00e9sent une connectivit\u00e9 num\u00e9rique \u00e0 170 millions de personnes vivant dans des r\u00e9gions recul\u00e9es de plus de 80 pays, d\u00e9passant ainsi l&#8217;objectif que le g\u00e9ant chinois s&#8217;\u00e9tait fix\u00e9 dans le cadre de l&#8217;engagement de la coalition num\u00e9rique \u00abPartner2Connect (P2C)\u00bb de l&#8217;Union Internationale des T\u00e9l\u00e9communications (UIT)<\/p>\n\n\n\n<p>L&#8217;annonce a \u00e9t\u00e9 faite par Yang Chaobin, PDG de Huawei ICT BG, lors du r\u00e9cent forum TECH Cares de l&#8217;entreprise \u00e0 Barcelone. Il a soulign\u00e9 que cette r\u00e9alisation d\u00e9passe l&#8217;engagement pris par Huawei lors de son adh\u00e9sion \u00e0 la coalition num\u00e9rique \u00abP2C\u00bb de l&#8217;UIT en 2022&nbsp;: connecter 120 millions de personnes dans des zones recul\u00e9es \u00e0 l&#8217;horizon 2025. Le haut responsable a exprim\u00e9 sa gratitude envers les clients et partenaires de t\u00e9l\u00e9communication de Huawei pour leurs efforts de collaboration.<\/p>\n\n\n\n<p>Le forum a r\u00e9uni environ 80 invit\u00e9s issus de gouvernements, d&#8217;industries, d&#8217;organisations partenaires et d&#8217;organismes internationaux. Les participants ont engag\u00e9 des discussions approfondies sur la n\u00e9cessit\u00e9 urgente de faire progresser l&#8217;inclusion num\u00e9rique \u00e0 l&#8217;\u00e8re de l&#8217;IA, en explorant des solutions pratiques et en \u00e9tablissant un consensus pour une collaboration multipartite.<\/p>\n\n\n\n<p><strong><em>Capacit\u00e9s informatiques robustes<\/em><\/strong><\/p>\n\n\n\n<p>Dans son discours d&#8217;ouverture, Yang Chaobin a soulign\u00e9 que malgr\u00e9 les progr\u00e8s rapides de l&#8217;IA, la fracture num\u00e9rique persiste et risque de se creuser davantage. \u00abLes r\u00e9seaux num\u00e9riques \u00e0 haut d\u00e9bit et les capacit\u00e9s informatiques robustes sont des fondements essentiels pour une \u00e8re de l&#8217;IA inclusive et durable\u00bb, a-t-il d\u00e9clar\u00e9. Il a aussi indiqu\u00e9 que \u00abLa r\u00e9alisation de l&#8217;engagement \u00abP2C\u00bb de l&#8217;UIT refl\u00e8te l&#8217;engagement continu de Huawei en faveur de l&#8217;innovation, qui consiste \u00e0 am\u00e9liorer l&#8217;acc\u00e8s des communaut\u00e9s isol\u00e9es aux soins de sant\u00e9, \u00e0 l&#8217;\u00e9ducation et aux services financiers gr\u00e2ce \u00e0 la connectivit\u00e9 num\u00e9rique.<\/p>\n\n\n\n<p>Pour sa part, Cosmas Zavazava, Directeur du Bureau de D\u00e9veloppement des T\u00e9l\u00e9communications de l&#8217;UIT, a salu\u00e9 les r\u00e9alisations et les efforts de Huawei pour r\u00e9duire la fracture num\u00e9rique. \u00abConnecter les communaut\u00e9s rurales et mal desservies n\u00e9cessite des mod\u00e8les commerciaux innovants, l&#8217;inclusion et l&#8217;utilisation efficace des ressources de communication, ainsi que l&#8217;engagement des communaut\u00e9s et des investissements soutenus dans les capacit\u00e9s locales. Je salue l&#8217;engagement de Huawei en faveur d&#8217;une connectivit\u00e9 universelle et significative, et je suis fier de notre partenariat solide et fructueux\u00bb.<\/p>\n\n\n\n<p>Selon Jeff Wang, Pr\u00e9sident des Affaires Publiques et de la Communication chez Huawei, l&#8217;inclusion num\u00e9rique repose sur deux piliers&nbsp;: la connectivit\u00e9 inclusive et l&#8217;autonomisation par les comp\u00e9tences num\u00e9riques. Pour combler le d\u00e9ficit de comp\u00e9tences num\u00e9riques, Huawei s&#8217;associe \u00e0 des gouvernements et \u00e0 des organisations afin de soutenir les \u00e9tudiants, les jeunes, les personnes \u00e2g\u00e9es et les femmes \u00e0 travers trois initiatives&nbsp;: \u00e9tendre l&#8217;acc\u00e8s au num\u00e9rique, proposer des formations aux comp\u00e9tences num\u00e9riques et d\u00e9velopper des programmes d&#8217;\u00e9tudes \u00abSTEM\u00bb.<\/p>\n\n\n\n<p><strong><em>Solutions \u00abRural Series\u00bb<\/em><\/strong><\/p>\n\n\n\n<p>Depuis son lancement en 2019, le programme \u00abSkills on Wheels\u00bb de Huawei a permis de former plus de 130.000 personnes dans 21 pays aux technologies num\u00e9riques mobiles, ouvrant ainsi de nouvelles perspectives aux communaut\u00e9s d\u00e9favoris\u00e9es.<\/p>\n\n\n\n<p>Marina Madale, Responsable du D\u00e9veloppement Durable et de la Valeur Partag\u00e9e chez MTN Group, affirme que la connectivit\u00e9 n&#8217;est pas un privil\u00e8ge, mais une infrastructure fondamentale pour la croissance de l&#8217;Afrique. En accord avec Jeff Wang, elle a soulign\u00e9 que MTN donne la priorit\u00e9 \u00e0 l&#8217;expansion de la connectivit\u00e9 rurale, \u00e0 la promotion de l&#8217;accessibilit\u00e9 financi\u00e8re des appareils et au d\u00e9veloppement des comp\u00e9tences num\u00e9riques et en mati\u00e8re d&#8217;intelligence artificielle.<\/p>\n\n\n\n<p>Dans le domaine de l&#8217;innovation des r\u00e9seaux ruraux, Huawei n&#8217;a cess\u00e9 d&#8217;am\u00e9liorer ses solutions \u00abRural Series\u00bb depuis 2017 afin d&#8217;en accro\u00eetre l&#8217;accessibilit\u00e9 financi\u00e8re et l&#8217;efficacit\u00e9 de d\u00e9ploiement. Lanc\u00e9 en novembre 2025, le \u00abHuawei Rural Cow\u00bb \u00e9tend la couverture \u00e0 des villages d&#8217;environ 1.500 habitants avec le soutien de MTN Nigeria. Ces solutions ont contribu\u00e9 \u00e0 atteindre l&#8217;objectif de connecter 170 millions de personnes tout en stimulant les \u00e9conomies locales et en permettant un acc\u00e8s plus large aux services publics num\u00e9riques.<\/p>\n\n\n\n<p>Au cours du forum, les invit\u00e9s ont fait part des progr\u00e8s r\u00e9alis\u00e9s gr\u00e2ce \u00e0 leur collaboration avec Huawei et ont exprim\u00e9 leur volont\u00e9 de renforcer cette coop\u00e9ration. Tous les participants ont convenu que la promotion de l&#8217;inclusion num\u00e9rique \u00e0 l&#8217;\u00e8re de l&#8217;IA n\u00e9cessite des efforts conjoints de la part des gouvernements, des op\u00e9rateurs, des organisations internationales et des entreprises.<\/p>\n\n\n\n<p>\u00c0 l&#8217;avenir, Huawei continuera \u00e0 stimuler l&#8217;innovation dans les technologies de r\u00e9seau rural, \u00e0 renforcer la collaboration ouverte et \u00e0 acc\u00e9l\u00e9rer l&#8217;autonomisation des comp\u00e9tences num\u00e9riques. Gr\u00e2ce \u00e0 des actions concr\u00e8tes, l&#8217;entreprise continuera \u00e0 contribuer \u00e0 un monde num\u00e9rique plus \u00e9quitable et plus durable.<\/p>\n","protected":false},"excerpt":{"rendered":"<p>Huawei a fourni jusqu\u2019\u00e0 pr\u00e9sent une connectivit\u00e9 num\u00e9rique \u00e0 170 millions de personnes vivant dans des r\u00e9gions recul\u00e9es de plus de 80 pays, d\u00e9passant ainsi l&#8217;objectif que le g\u00e9ant chinois s&#8217;\u00e9tait fix\u00e9 dans le cadre de l&#8217;engagement de la coalition num\u00e9rique \u00abPartner2Connect (P2C)\u00bb de l&#8217;Union Internationale des T\u00e9l\u00e9communications (UIT) L&#8217;annonce a \u00e9t\u00e9 faite par Yang &hellip;<\/p>\n","protected":false},"author":9,"featured_media":43133,"comment_status":"open","ping_status":"closed","sticky":false,"template":"","format":"standard","meta":{"footnotes":""},"categories":[573],"tags":[],"class_list":["post-43125","post","type-post","status-publish","format-standard","has-post-thumbnail","hentry","category-high-tech-2"],"_links":{"self":[{"href":"https:\/\/letempsmag.ma\/index.php?rest_route=\/wp\/v2\/posts\/43125","targetHints":{"allow":["GET"]}}],"collection":[{"href":"https:\/\/letempsmag.ma\/index.php?rest_route=\/wp\/v2\/posts"}],"about":[{"href":"https:\/\/letempsmag.ma\/index.php?rest_route=\/wp\/v2\/types\/post"}],"author":[{"embeddable":true,"href":"https:\/\/letempsmag.ma\/index.php?rest_route=\/wp\/v2\/users\/9"}],"replies":[{"embeddable":true,"href":"https:\/\/letempsmag.ma\/index.php?rest_route=%2Fwp%2Fv2%2Fcomments&post=43125"}],"version-history":[{"count":1,"href":"https:\/\/letempsmag.ma\/index.php?rest_route=\/wp\/v2\/posts\/43125\/revisions"}],"predecessor-version":[{"id":43134,"href":"https:\/\/letempsmag.ma\/index.php?rest_route=\/wp\/v2\/posts\/43125\/revisions\/43134"}],"wp:featuredmedia":[{"embeddable":true,"href":"https:\/\/letempsmag.ma\/index.php?rest_route=\/wp\/v2\/media\/43133"}],"wp:attachment":[{"href":"https:\/\/letempsmag.ma\/index.php?rest_route=%2Fwp%2Fv2%2Fmedia&parent=43125"}],"wp:term":[{"taxonomy":"category","embeddable":true,"href":"https:\/\/letempsmag.ma\/index.php?rest_route=%2Fwp%2Fv2%2Fcategories&post=43125"},{"taxonomy":"post_tag","embeddable":true,"href":"https:\/\/letempsmag.ma\/index.php?rest_route=%2Fwp%2Fv2%2Ftags&post=43125"}],"curies":[{"name":"wp","href":"https:\/\/api.w.org\/{rel}","templated":true}]}}