{"id":43116,"date":"2026-03-12T11:02:05","date_gmt":"2026-03-12T10:02:05","guid":{"rendered":"https:\/\/letempsmag.ma\/?p=43116"},"modified":"2026-03-12T11:02:05","modified_gmt":"2026-03-12T10:02:05","slug":"tendansia-presente-a-rabat-et-casablanca-le-porteur-dhistoire-doublement-sacre-aux-molieres","status":"publish","type":"post","link":"https:\/\/letempsmag.ma\/?p=43116","title":{"rendered":"Tendansia pr\u00e9sente \u00e0 Rabat et Casablanca \u00abLe Porteur d\u2019Histoire\u00bb, doublement sacr\u00e9 aux Moli\u00e8res"},"content":{"rendered":"\n<p>Produit par Tendansia, cr\u00e9ateur d\u2019\u00e9motions et acteur engag\u00e9 dans la diffusion de spectacles vivants d&#8217;envergure, un v\u00e9ritable chef-d\u2019\u0153uvre du th\u00e9\u00e2tre contemporain s\u2019appr\u00eate \u00e0 faire vibrer le public. Les 8 et 9 avril prochains, la pi\u00e8ce-culte \u00abLe Porteur d\u2019Histoire\u00bb d\u00e9ploiera sa magie sur les planches du Th\u00e9\u00e2tre Bahnini de Rabat, puis au Studio des Arts Vivants de Casablanca, pour deux soir\u00e9es qui s&#8217;annoncent inoubliables.<\/p>\n\n\n\n<p><strong><em>Une \u00e9pop\u00e9e vertigineuse \u00e0 travers le temps<\/em><\/strong><\/p>\n\n\n\n<p>N\u00e9e de la plume prodigieuse et de la mise en sc\u00e8ne d&#8217;Alexis Michalik, \u00abLe Porteur d\u2019Histoire\u00bb n&#8217;est pas qu&#8217;une simple pi\u00e8ce. C&#8217;est une chasse au tr\u00e9sor haletante, un tourbillon o\u00f9 la d\u00e9couverte d&#8217;un vieux manuscrit suffit \u00e0 embraser les si\u00e8cles. \u00c0 la crois\u00e9e du thriller litt\u00e9raire, de la grande fresque historique et de la qu\u00eate intime, le spectateur est happ\u00e9 dans un labyrinthe narratif fascinant. Ici, les lourds secrets de famille r\u00e9sonnent avec les grands bouleversements du monde, offrant une exp\u00e9rience immersive qui tiendra le public en apn\u00e9e, de la premi\u00e8re r\u00e9plique au baisser de rideau.<\/p>\n\n\n\n<p><strong><em>Une prouesse sc\u00e9nique salu\u00e9e par les Moli\u00e8res<\/em><\/strong><\/p>\n\n\n\n<p>Sur sc\u00e8ne, cinq com\u00e9diens virtuoses incarnent une multitude de personnages avec une fluidit\u00e9 fascinante. En un geste, une lumi\u00e8re, une intonation, les d\u00e9cors et les \u00e9poques se m\u00e9tamorphosent. La narration se d\u00e9ploie en cascade, port\u00e9e par une \u00e9nergie vibrante qui tient le public en haleine du premier au dernier souffle. Cette audace artistique a \u00e9t\u00e9 couronn\u00e9e par une double distinction aux Prix Moli\u00e8res en France&nbsp;: Moli\u00e8re du meilleur auteur et Moli\u00e8re du meilleur metteur en sc\u00e8ne. Pl\u00e9biscit\u00e9e par des milliers de spectateurs \u00e0 travers le monde, la pi\u00e8ce prouve que le grand th\u00e9\u00e2tre peut \u00eatre \u00e0 la fois profond\u00e9ment accessible, merveilleusement intense et r\u00e9solument moderne.<\/p>\n\n\n\n<p><strong><em>Un rendez-vous culturel \u00e0 ne pas manquer<\/em><\/strong><\/p>\n\n\n\n<p>En accueillant ce ph\u00e9nom\u00e8ne th\u00e9\u00e2tral \u00e0 Rabat et \u00e0 Casablanca, Tendansia offre au public marocain un moment rare, et profond\u00e9ment vivant. Ces deux dates uniques s\u2019annoncent comme une invitation \u00e0 s\u2019\u00e9chapper du quotidien, le temps d&#8217;une soir\u00e9e o\u00f9 l&#8217;illusion devient la plus belle des v\u00e9rit\u00e9s de ce printemps 2026&nbsp;!<\/p>\n","protected":false},"excerpt":{"rendered":"<p>Produit par Tendansia, cr\u00e9ateur d\u2019\u00e9motions et acteur engag\u00e9 dans la diffusion de spectacles vivants d&#8217;envergure, un v\u00e9ritable chef-d\u2019\u0153uvre du th\u00e9\u00e2tre contemporain s\u2019appr\u00eate \u00e0 faire vibrer le public. Les 8 et 9 avril prochains, la pi\u00e8ce-culte \u00abLe Porteur d\u2019Histoire\u00bb d\u00e9ploiera sa magie sur les planches du Th\u00e9\u00e2tre Bahnini de Rabat, puis au Studio des Arts Vivants &hellip;<\/p>\n","protected":false},"author":9,"featured_media":43130,"comment_status":"open","ping_status":"closed","sticky":false,"template":"","format":"standard","meta":{"footnotes":""},"categories":[1362],"tags":[],"class_list":["post-43116","post","type-post","status-publish","format-standard","has-post-thumbnail","hentry","category-theatre-2"],"_links":{"self":[{"href":"https:\/\/letempsmag.ma\/index.php?rest_route=\/wp\/v2\/posts\/43116","targetHints":{"allow":["GET"]}}],"collection":[{"href":"https:\/\/letempsmag.ma\/index.php?rest_route=\/wp\/v2\/posts"}],"about":[{"href":"https:\/\/letempsmag.ma\/index.php?rest_route=\/wp\/v2\/types\/post"}],"author":[{"embeddable":true,"href":"https:\/\/letempsmag.ma\/index.php?rest_route=\/wp\/v2\/users\/9"}],"replies":[{"embeddable":true,"href":"https:\/\/letempsmag.ma\/index.php?rest_route=%2Fwp%2Fv2%2Fcomments&post=43116"}],"version-history":[{"count":1,"href":"https:\/\/letempsmag.ma\/index.php?rest_route=\/wp\/v2\/posts\/43116\/revisions"}],"predecessor-version":[{"id":43137,"href":"https:\/\/letempsmag.ma\/index.php?rest_route=\/wp\/v2\/posts\/43116\/revisions\/43137"}],"wp:featuredmedia":[{"embeddable":true,"href":"https:\/\/letempsmag.ma\/index.php?rest_route=\/wp\/v2\/media\/43130"}],"wp:attachment":[{"href":"https:\/\/letempsmag.ma\/index.php?rest_route=%2Fwp%2Fv2%2Fmedia&parent=43116"}],"wp:term":[{"taxonomy":"category","embeddable":true,"href":"https:\/\/letempsmag.ma\/index.php?rest_route=%2Fwp%2Fv2%2Fcategories&post=43116"},{"taxonomy":"post_tag","embeddable":true,"href":"https:\/\/letempsmag.ma\/index.php?rest_route=%2Fwp%2Fv2%2Ftags&post=43116"}],"curies":[{"name":"wp","href":"https:\/\/api.w.org\/{rel}","templated":true}]}}