{"id":43113,"date":"2026-03-11T10:01:49","date_gmt":"2026-03-11T09:01:49","guid":{"rendered":"https:\/\/letempsmag.ma\/?p=43113"},"modified":"2026-03-11T10:01:49","modified_gmt":"2026-03-11T09:01:49","slug":"droits-des-femmes-un-focus-a-new-york-sur-lexperience-pionniere-du-maroc","status":"publish","type":"post","link":"https:\/\/letempsmag.ma\/?p=43113","title":{"rendered":"Droits des femmes\u00a0: un Focus \u00e0 New York sur l&#8217;exp\u00e9rience pionni\u00e8re du Maroc"},"content":{"rendered":"\n<p>L\u2019exp\u00e9rience pionni\u00e8re du Maroc en mati\u00e8re d&#8217;autonomisation des femmes et de promotion de leurs droits a \u00e9t\u00e9 mise en avant, hier \u00e0 New York, \u00e0 l\u2019occasion d\u2019un \u00e9v\u00e9nement pr\u00e9sid\u00e9 par Na\u00efma Ben Yahia, Ministre de la Solidarit\u00e9, de l&#8217;Insertion sociale et de la Famille.<\/p>\n\n\n\n<p>Organis\u00e9 par le minist\u00e8re en partenariat notamment avec l&#8217;Union Nationale des Femmes du Maroc et en coop\u00e9ration avec ONU-Femmes et le Fonds des Nations Unies pour la Population, cet \u00e9v\u00e9nement vise \u00e0 mettre en avant l\u2019importance de l\u2019acc\u00e8s \u00e0 la justice pour les femmes victimes de violence et son impact sur le renforcement de leurs droits et leur implication dans la dynamique de d\u00e9veloppement.<\/p>\n\n\n\n<p>Intervenant \u00e0 cette occasion, Mohammed Dardouri, et Wali Coordonnateur de l&#8217;Initiative Nationale pour le D\u00e9veloppement Humain, a soulign\u00e9 que l\u2019INDH accorde une attention particuli\u00e8re aux filles et aux femmes, en leur attribuant un r\u00f4le de premier plan dans ses diff\u00e9rents programmes et interventions. Il a, dans ce cadre, rappel\u00e9 que depuis son lancement en 2005 par S.M. le Roi Mohammed VI, l\u2019INDH \u0153uvre \u00e0 pr\u00e9server la dignit\u00e9 des citoyens en luttant contre la pauvret\u00e9, l&#8217;exclusion et la vuln\u00e9rabilit\u00e9, en r\u00e9duisant les disparit\u00e9s spatiales et sociales et en facilitant l&#8217;int\u00e9gration socio-\u00e9conomique des groupes vuln\u00e9rables dans la soci\u00e9t\u00e9.<\/p>\n\n\n\n<p><strong><em>Acc\u00e8s durable \u00e0 la justice<\/em><\/strong><\/p>\n\n\n\n<p>De son c\u00f4t\u00e9, Latifa Akharbach, Pr\u00e9sidente de la Haute Autorit\u00e9 de la Communication Audiovisuelle (HACA), qui s\u2019exprimait en sa qualit\u00e9 de membre du Conseil d&#8217;administration de l&#8217;Union Nationale des Femmes du Maroc, a mis en avant les progr\u00e8s significatifs accomplis par le Maroc en mati\u00e8re d\u2019autonomisation des femmes, gr\u00e2ce \u00e0 l\u2019engagement ind\u00e9fectible du Souverain. Elle a, par ailleurs, relev\u00e9 que pour l\u2019Union Nationale des Femmes du Maroc, l&#8217;acc\u00e8s \u00e0 la justice est un \u00abtest fondamental\u00bb de la r\u00e9alit\u00e9 de l&#8217;\u00e9galit\u00e9 sur le terrain, pr\u00e9cisant que l\u2019Union repose, dans son action en faveur des femmes, sur trois piliers strat\u00e9giques, \u00e0 savoir la proximit\u00e9 spatiale, la coordination inter-institutionnelle et l\u2019autonomisation \u00e9conomique et sociale comme condition d\u2019un acc\u00e8s durable \u00e0 la justice.<\/p>\n\n\n\n<p>Quant \u00e0 la d\u00e9put\u00e9e Najwa Koukouss, Pr\u00e9sidente du Groupe de travail th\u00e9matique sur l&#8217;\u00e9galit\u00e9 et la parit\u00e9 \u00e0 la Chambre des Repr\u00e9sentants, elle a mis en relief l\u2019adh\u00e9sion de l\u2019institution l\u00e9gislative marocaine aux efforts collectifs visant \u00e0 mettre en \u0153uvre les dispositions de la Constitution et des conventions internationales ratifi\u00e9es par le Maroc relatives \u00e0 la promotion de l\u2019\u00e9galit\u00e9 des genres et l\u2019autonomisation des femmes. Elle a indiqu\u00e9 que le Maroc, sous la conduite \u00e9clair\u00e9e de S.M. le Roi Mohammed VI, s\u2019est engag\u00e9 dans une dynamique de r\u00e9forme l\u00e9gislative et institutionnelle dans l\u2019objectif de consolider les garanties juridiques consacrant les droits des femmes. (Photo&nbsp;: dpress.ma).<\/p>\n","protected":false},"excerpt":{"rendered":"<p>L\u2019exp\u00e9rience pionni\u00e8re du Maroc en mati\u00e8re d&#8217;autonomisation des femmes et de promotion de leurs droits a \u00e9t\u00e9 mise en avant, hier \u00e0 New York, \u00e0 l\u2019occasion d\u2019un \u00e9v\u00e9nement pr\u00e9sid\u00e9 par Na\u00efma Ben Yahia, Ministre de la Solidarit\u00e9, de l&#8217;Insertion sociale et de la Famille. Organis\u00e9 par le minist\u00e8re en partenariat notamment avec l&#8217;Union Nationale des &hellip;<\/p>\n","protected":false},"author":9,"featured_media":43100,"comment_status":"open","ping_status":"closed","sticky":false,"template":"","format":"standard","meta":{"footnotes":""},"categories":[1635],"tags":[],"class_list":["post-43113","post","type-post","status-publish","format-standard","has-post-thumbnail","hentry","category-post-8-mars"],"_links":{"self":[{"href":"https:\/\/letempsmag.ma\/index.php?rest_route=\/wp\/v2\/posts\/43113","targetHints":{"allow":["GET"]}}],"collection":[{"href":"https:\/\/letempsmag.ma\/index.php?rest_route=\/wp\/v2\/posts"}],"about":[{"href":"https:\/\/letempsmag.ma\/index.php?rest_route=\/wp\/v2\/types\/post"}],"author":[{"embeddable":true,"href":"https:\/\/letempsmag.ma\/index.php?rest_route=\/wp\/v2\/users\/9"}],"replies":[{"embeddable":true,"href":"https:\/\/letempsmag.ma\/index.php?rest_route=%2Fwp%2Fv2%2Fcomments&post=43113"}],"version-history":[{"count":1,"href":"https:\/\/letempsmag.ma\/index.php?rest_route=\/wp\/v2\/posts\/43113\/revisions"}],"predecessor-version":[{"id":43114,"href":"https:\/\/letempsmag.ma\/index.php?rest_route=\/wp\/v2\/posts\/43113\/revisions\/43114"}],"wp:featuredmedia":[{"embeddable":true,"href":"https:\/\/letempsmag.ma\/index.php?rest_route=\/wp\/v2\/media\/43100"}],"wp:attachment":[{"href":"https:\/\/letempsmag.ma\/index.php?rest_route=%2Fwp%2Fv2%2Fmedia&parent=43113"}],"wp:term":[{"taxonomy":"category","embeddable":true,"href":"https:\/\/letempsmag.ma\/index.php?rest_route=%2Fwp%2Fv2%2Fcategories&post=43113"},{"taxonomy":"post_tag","embeddable":true,"href":"https:\/\/letempsmag.ma\/index.php?rest_route=%2Fwp%2Fv2%2Ftags&post=43113"}],"curies":[{"name":"wp","href":"https:\/\/api.w.org\/{rel}","templated":true}]}}