{"id":42343,"date":"2026-02-09T08:24:20","date_gmt":"2026-02-09T07:24:20","guid":{"rendered":"https:\/\/letempsmag.ma\/?p=42343"},"modified":"2026-02-09T08:24:20","modified_gmt":"2026-02-09T07:24:20","slug":"a-la-dco-2026-le-maroc-reconfirme-son-leadership-international-dans-lia","status":"publish","type":"post","link":"https:\/\/letempsmag.ma\/?p=42343","title":{"rendered":"\u00c0 la DCO 2026, le Maroc reconfirme son leadership international dans l\u2019IA"},"content":{"rendered":"\n<p>Le Maroc confirme sa mont\u00e9e en puissance sur la sc\u00e8ne internationale du num\u00e9rique. En marge de la 5<sup>\u00e8me<\/sup> Assembl\u00e9e g\u00e9n\u00e9rale de l\u2019Organisation de la Coop\u00e9ration Num\u00e9rique (DCO 2026), tenue le 5 f\u00e9vrier dernier au Kowe\u00eft, le Royaume a \u00e9t\u00e9 \u00e9lu pour la deuxi\u00e8me ann\u00e9e cons\u00e9cutive au Comit\u00e9 ex\u00e9cutif de l\u2019Organisation pour l\u2019ann\u00e9e 2026. Arriv\u00e9 en t\u00eate du scrutin, le Maroc devance l\u2019ensemble des pays candidats, un r\u00e9sultat qui traduit la reconnaissance de son expertise en mati\u00e8re de transformation num\u00e9rique, tant au niveau r\u00e9gional qu\u2019international.<\/p>\n\n\n\n<p>Lors de cette Assembl\u00e9e, Amal El Fallah Seghrouchni, Ministre d\u00e9l\u00e9gu\u00e9e charg\u00e9e de la Transition num\u00e9rique et de la R\u00e9forme de l\u2019administration, a expos\u00e9 la vision marocaine face aux mutations profondes induites par l\u2019intelligence artificielle. Elle a soulign\u00e9 le caract\u00e8re d\u00e9sormais strat\u00e9gique et g\u00e9opolitique de l\u2019IA, dont les impacts d\u00e9passent largement les fronti\u00e8res nationales, affectant gouvernance, confiance num\u00e9rique et d\u00e9veloppement des comp\u00e9tences. Dans ce contexte, la coop\u00e9ration internationale appara\u00eet comme un levier indispensable pour une transformation num\u00e9rique inclusive, s\u00fbre et durable.<\/p>\n\n\n\n<p>La Ministre a \u00e9galement mis en avant les initiatives engag\u00e9es par le Royaume, notamment le renforcement des cadres juridiques et r\u00e9glementaires, la formation des talents, la promotion d\u2019une innovation responsable et l\u2019encadrement de l\u2019exportation de solutions d\u2019IA dans le cadre de l\u2019offshoring. Elle a rappel\u00e9 les avanc\u00e9es enregistr\u00e9es en 2025, marqu\u00e9es par un gain de quatorze places dans le classement mondial de la gouvernance de l\u2019intelligence artificielle.<\/p>\n\n\n\n<p>Deux projets structurants illustrent cette dynamique. Lanc\u00e9 avec le PNUD (Programme des Nations-Unies pour le D\u00e9veloppement), le Digital for Sustainable Development Hub (D4SD) positionne le Maroc comme un p\u00f4le arabe et africain de la transformation num\u00e9rique durable. Parall\u00e8lement, le R\u00e9seau des Instituts Al Jazari, inscrit dans la vision \u00abAI Made in Morocco\u00bb, ambitionne de f\u00e9d\u00e9rer chercheurs, startups, acteurs publics et priv\u00e9s autour de solutions d\u2019IA souveraines, fiables et inclusives.<\/p>\n\n\n\n<p><strong>L. F.<\/strong><\/p>\n","protected":false},"excerpt":{"rendered":"<p>Le Maroc confirme sa mont\u00e9e en puissance sur la sc\u00e8ne internationale du num\u00e9rique. En marge de la 5\u00e8me Assembl\u00e9e g\u00e9n\u00e9rale de l\u2019Organisation de la Coop\u00e9ration Num\u00e9rique (DCO 2026), tenue le 5 f\u00e9vrier dernier au Kowe\u00eft, le Royaume a \u00e9t\u00e9 \u00e9lu pour la deuxi\u00e8me ann\u00e9e cons\u00e9cutive au Comit\u00e9 ex\u00e9cutif de l\u2019Organisation pour l\u2019ann\u00e9e 2026. Arriv\u00e9 en &hellip;<\/p>\n","protected":false},"author":9,"featured_media":42327,"comment_status":"open","ping_status":"closed","sticky":false,"template":"","format":"standard","meta":{"footnotes":""},"categories":[114],"tags":[],"class_list":["post-42343","post","type-post","status-publish","format-standard","has-post-thumbnail","hentry","category-technologies"],"_links":{"self":[{"href":"https:\/\/letempsmag.ma\/index.php?rest_route=\/wp\/v2\/posts\/42343","targetHints":{"allow":["GET"]}}],"collection":[{"href":"https:\/\/letempsmag.ma\/index.php?rest_route=\/wp\/v2\/posts"}],"about":[{"href":"https:\/\/letempsmag.ma\/index.php?rest_route=\/wp\/v2\/types\/post"}],"author":[{"embeddable":true,"href":"https:\/\/letempsmag.ma\/index.php?rest_route=\/wp\/v2\/users\/9"}],"replies":[{"embeddable":true,"href":"https:\/\/letempsmag.ma\/index.php?rest_route=%2Fwp%2Fv2%2Fcomments&post=42343"}],"version-history":[{"count":1,"href":"https:\/\/letempsmag.ma\/index.php?rest_route=\/wp\/v2\/posts\/42343\/revisions"}],"predecessor-version":[{"id":42344,"href":"https:\/\/letempsmag.ma\/index.php?rest_route=\/wp\/v2\/posts\/42343\/revisions\/42344"}],"wp:featuredmedia":[{"embeddable":true,"href":"https:\/\/letempsmag.ma\/index.php?rest_route=\/wp\/v2\/media\/42327"}],"wp:attachment":[{"href":"https:\/\/letempsmag.ma\/index.php?rest_route=%2Fwp%2Fv2%2Fmedia&parent=42343"}],"wp:term":[{"taxonomy":"category","embeddable":true,"href":"https:\/\/letempsmag.ma\/index.php?rest_route=%2Fwp%2Fv2%2Fcategories&post=42343"},{"taxonomy":"post_tag","embeddable":true,"href":"https:\/\/letempsmag.ma\/index.php?rest_route=%2Fwp%2Fv2%2Ftags&post=42343"}],"curies":[{"name":"wp","href":"https:\/\/api.w.org\/{rel}","templated":true}]}}