{"id":42033,"date":"2026-01-30T09:45:09","date_gmt":"2026-01-30T08:45:09","guid":{"rendered":"https:\/\/letempsmag.ma\/?p=42033"},"modified":"2026-01-30T09:45:10","modified_gmt":"2026-01-30T08:45:10","slug":"lunion-europeenne-adopte-une-position-commune-soutenant-le-plan-marocain-au-sahara","status":"publish","type":"post","link":"https:\/\/letempsmag.ma\/?p=42033","title":{"rendered":"L\u2019Union Europ\u00e9enne adopte une position commune soutenant le plan marocain au Sahara"},"content":{"rendered":"\n<p>La 15<sup>\u00e8me<\/sup> session du Conseil d&#8217;Association entre le Royaume du Maroc et l&#8217;Union Europ\u00e9enne (UE), qui s&#8217;est achev\u00e9e hier \u00e0 Bruxelles, a \u00e9t\u00e9 marqu\u00e9e par l\u2019adoption d\u2019une nouvelle position europ\u00e9enne sur le Sahara marocain, consid\u00e9rant qu\u2019 \u00abne autonomie v\u00e9ritable pourrait repr\u00e9senter une solution des plus r\u00e9alisables\u00bb pour le r\u00e8glement d\u00e9finitif du diff\u00e9rend r\u00e9gional.<\/p>\n\n\n\n<p>Cette position des 27 \u00c9tats membres de l\u2019UE a \u00e9t\u00e9 consign\u00e9e dans un communiqu\u00e9 conjoint sign\u00e9 par le Ministre des Affaires \u00e9trang\u00e8res, de la Coop\u00e9ration africaine et des Marocains r\u00e9sidant \u00e0 l\u2019\u00e9tranger, Nasser Bourita, et la Haute Repr\u00e9sentante de l\u2019Union Europ\u00e9enne pour la politique \u00e9trang\u00e8re et la politique de s\u00e9curit\u00e9, Kaja Kallas, \u00e0 l\u2019issue de cette 15<sup>\u00e8me<\/sup> session du Conseil d\u2019Association UE-Maroc.<\/p>\n\n\n\n<p>Dans ce communiqu\u00e9 conjoint, l\u2019Europe des 27 reprend \u00e0 son compte la demande faite \u00e0 toutes les parties par le Conseil de s\u00e9curit\u00e9 des Nations Unies, \u00abde participer aux discussions sans conditions pr\u00e9alables et sur la base du plan d\u2019autonomie propos\u00e9 par le Maroc afin de parvenir \u00e0 une solution politique d\u00e9finitive\u00bb.<\/p>\n\n\n\n<p>Dans ce cadre, l\u2019UE s\u2019est \u00abf\u00e9licit\u00e9e\u00bb de la volont\u00e9 du Maroc d\u2019\u00abexpliciter comment une autonomie dans le cadre de la souverainet\u00e9 marocaine se d\u00e9clinerait\u00bb, pr\u00e9cise le communiqu\u00e9 conjoint. Par ailleurs, l\u2019UE a \u00absalu\u00e9 l\u2019adoption de la R\u00e9solution \u00ab2797\u00bbde 2025 du Conseil de S\u00e9curit\u00e9 des Nations-Unies qui appuie pleinement les efforts que font le Secr\u00e9taire g\u00e9n\u00e9ral et son Envoy\u00e9 personnel pour faciliter et conduire les n\u00e9gociations en se fondant sur le plan d\u2019autonomie propos\u00e9 par le Maroc\u00bb.<\/p>\n\n\n\n<p>Alors que de nombreux pays de l&#8217;Union Europ\u00e9enne avaient d\u00e9j\u00e0 apport\u00e9 un franc soutien \u00e0 la marocanit\u00e9 du Sahara et au plan d\u2019autonomie propos\u00e9 par le Maroc, cette nouvelle position de l\u2019UE marque une avanc\u00e9e fondamentale. Elle s&#8217;inscrit dans la dynamique internationale impuls\u00e9e par S.M. le Roi Mohammed VI en faveur de la marocanit\u00e9 du Sahara et en appui \u00e0 l&#8217;Initiative d&#8217;autonomie, couronn\u00e9e par l\u2019adoption, par le Conseil de S\u00e9curit\u00e9 de l\u2019ONU, de la R\u00e9solution \u00ab2797\u00bb, le 31 octobre 2025.<\/p>\n\n\n\n<p>La nouvelle position europ\u00e9enne traduit le consensus des 27 \u00c9tats membres de l\u2019UE en faveur du r\u00e8glement d\u00e9finitif de ce diff\u00e9rend r\u00e9gional, sur la base de l\u2019autonomie sous souverainet\u00e9 marocaine. Cet aboutissement devrait, sans nul doute, donner une impulsion nouvelle aux futures relations et \u00e9ch\u00e9ances bilat\u00e9rales, notamment en perspective du prochain partenariat strat\u00e9gique entre les deux parties.<\/p>\n","protected":false},"excerpt":{"rendered":"<p>La 15\u00e8me session du Conseil d&#8217;Association entre le Royaume du Maroc et l&#8217;Union Europ\u00e9enne (UE), qui s&#8217;est achev\u00e9e hier \u00e0 Bruxelles, a \u00e9t\u00e9 marqu\u00e9e par l\u2019adoption d\u2019une nouvelle position europ\u00e9enne sur le Sahara marocain, consid\u00e9rant qu\u2019 \u00abne autonomie v\u00e9ritable pourrait repr\u00e9senter une solution des plus r\u00e9alisables\u00bb pour le r\u00e8glement d\u00e9finitif du diff\u00e9rend r\u00e9gional. Cette position &hellip;<\/p>\n","protected":false},"author":9,"featured_media":42012,"comment_status":"open","ping_status":"closed","sticky":false,"template":"","format":"standard","meta":{"footnotes":""},"categories":[68],"tags":[],"class_list":["post-42033","post","type-post","status-publish","format-standard","has-post-thumbnail","hentry","category-politique"],"_links":{"self":[{"href":"https:\/\/letempsmag.ma\/index.php?rest_route=\/wp\/v2\/posts\/42033","targetHints":{"allow":["GET"]}}],"collection":[{"href":"https:\/\/letempsmag.ma\/index.php?rest_route=\/wp\/v2\/posts"}],"about":[{"href":"https:\/\/letempsmag.ma\/index.php?rest_route=\/wp\/v2\/types\/post"}],"author":[{"embeddable":true,"href":"https:\/\/letempsmag.ma\/index.php?rest_route=\/wp\/v2\/users\/9"}],"replies":[{"embeddable":true,"href":"https:\/\/letempsmag.ma\/index.php?rest_route=%2Fwp%2Fv2%2Fcomments&post=42033"}],"version-history":[{"count":1,"href":"https:\/\/letempsmag.ma\/index.php?rest_route=\/wp\/v2\/posts\/42033\/revisions"}],"predecessor-version":[{"id":42034,"href":"https:\/\/letempsmag.ma\/index.php?rest_route=\/wp\/v2\/posts\/42033\/revisions\/42034"}],"wp:featuredmedia":[{"embeddable":true,"href":"https:\/\/letempsmag.ma\/index.php?rest_route=\/wp\/v2\/media\/42012"}],"wp:attachment":[{"href":"https:\/\/letempsmag.ma\/index.php?rest_route=%2Fwp%2Fv2%2Fmedia&parent=42033"}],"wp:term":[{"taxonomy":"category","embeddable":true,"href":"https:\/\/letempsmag.ma\/index.php?rest_route=%2Fwp%2Fv2%2Fcategories&post=42033"},{"taxonomy":"post_tag","embeddable":true,"href":"https:\/\/letempsmag.ma\/index.php?rest_route=%2Fwp%2Fv2%2Ftags&post=42033"}],"curies":[{"name":"wp","href":"https:\/\/api.w.org\/{rel}","templated":true}]}}