{"id":42029,"date":"2026-01-30T09:43:16","date_gmt":"2026-01-30T08:43:16","guid":{"rendered":"https:\/\/letempsmag.ma\/?p=42029"},"modified":"2026-01-30T09:43:16","modified_gmt":"2026-01-30T08:43:16","slug":"maroc-senegal-la-frmf-etudie-un-recours-et-nexclut-pas-la-voie-du-tas","status":"publish","type":"post","link":"https:\/\/letempsmag.ma\/?p=42029","title":{"rendered":"Maroc-S\u00e9n\u00e9gal\u00a0: la FRMF \u00e9tudie un recours et n\u2019exclut pas la voie du TAS"},"content":{"rendered":"\n<p>La F\u00e9d\u00e9ration Royale Marocaine de Football (FRMF) serait engag\u00e9e dans une r\u00e9union interne de haut niveau, consacr\u00e9e \u00e0 l\u2019examen approfondi des d\u00e9cisions disciplinaires rendues par la Conf\u00e9d\u00e9ration Africaine de Football (CAF) \u00e0 l\u2019issue de la finale de la CAN Maroc 2025. C\u2019est ce que rapporte notre confr\u00e8re Industrie du Maroc. Selon le m\u00e9dia en ligne, cette r\u00e9union porte aussi bien sur les sanctions inflig\u00e9es \u00e0 la s\u00e9lection s\u00e9n\u00e9galaise que sur celles visant les joueurs marocains Isma\u00ebl Saibari et Achraf Hakimi. Les responsables de la FRMF proc\u00e8dent \u00e0 une analyse juridique d\u00e9taill\u00e9e des d\u00e9cisions, \u00e0 la lumi\u00e8re du Code Disciplinaire de la CAF, afin d\u2019\u00e9valuer les options de recours possibles.<\/p>\n\n\n\n<p><strong><em>Un appel \u00e0 l\u2019\u00e9tude, la voie du TAS envisag\u00e9e<\/em><\/strong><\/p>\n\n\n\n<p>Toujours selon notre confr\u00e8re, la FRMF n\u2019exclut pas d\u2019interjeter appel contre ces sanctions, estim\u00e9es insuffisantes au regard des faits constat\u00e9s lors de la finale. L\u2019hypoth\u00e8se d\u2019un recours devant le Tribunal Arbitral du Sport (TAS) serait s\u00e9rieusement envisag\u00e9e, dans la perspective d\u2019obtenir une r\u00e9vision des d\u00e9cisions disciplinaires jug\u00e9es trop cl\u00e9mentes.<\/p>\n\n\n\n<p>Au c\u0153ur des discussions, figure notamment la non-application de l\u2019Article \u00ab82\u00bb du Code Disciplinaire de la CAF, relatif au retrait d\u2019une \u00e9quipe d\u2019un match officiel. Pour plusieurs observateurs, cette disposition aurait d\u00fb \u00eatre appliqu\u00e9e \u00e0 la s\u00e9lection s\u00e9n\u00e9galaise apr\u00e8s l\u2019annonce de son retrait, ce qui aurait entra\u00een\u00e9 une d\u00e9faite par forfait, conform\u00e9ment au r\u00e8glement en vigueur.<\/p>\n\n\n\n<p><strong><em>Une lecture juridique contest\u00e9e<\/em><\/strong><\/p>\n\n\n\n<p>Du c\u00f4t\u00e9 marocain, l\u2019interpr\u00e9tation retenue par les instances disciplinaires de la CAF suscite de fortes r\u00e9serves. La FRMF consid\u00e8re que les d\u00e9cisions annonc\u00e9es ne refl\u00e8tent ni la gravit\u00e9 des faits, ni l\u2019esprit des textes r\u00e9glementaires, et qu\u2019elles risquent d\u2019\u00e9tablir un pr\u00e9c\u00e9dent pr\u00e9occupant pour l\u2019avenir des comp\u00e9titions africaines. Cette d\u00e9marche s\u2019inscrit, selon nos sources, dans une volont\u00e9 de d\u00e9fendre l\u2019\u00e9quit\u00e9 sportive, la s\u00e9curit\u00e9 des acteurs du jeu et la cr\u00e9dibilit\u00e9 des comp\u00e9titions continentales, au-del\u00e0 du seul cas marocain.<\/p>\n\n\n\n<p><strong><em>Un dossier suivi de pr\u00e8s<\/em><\/strong><\/p>\n\n\n\n<p>La FRMF devrait communiquer officiellement dans les prochains jours, une fois l\u2019analyse juridique finalis\u00e9e et les orientations strat\u00e9giques arr\u00eat\u00e9es. En attendant, ce dossier sensible continue d\u2019alimenter le d\u00e9bat au sein du football africain, tant sur le plan disciplinaire que sur celui de la gouvernance des comp\u00e9titions.<\/p>\n","protected":false},"excerpt":{"rendered":"<p>La F\u00e9d\u00e9ration Royale Marocaine de Football (FRMF) serait engag\u00e9e dans une r\u00e9union interne de haut niveau, consacr\u00e9e \u00e0 l\u2019examen approfondi des d\u00e9cisions disciplinaires rendues par la Conf\u00e9d\u00e9ration Africaine de Football (CAF) \u00e0 l\u2019issue de la finale de la CAN Maroc 2025. C\u2019est ce que rapporte notre confr\u00e8re Industrie du Maroc. Selon le m\u00e9dia en ligne, &hellip;<\/p>\n","protected":false},"author":9,"featured_media":42015,"comment_status":"open","ping_status":"closed","sticky":false,"template":"","format":"standard","meta":{"footnotes":""},"categories":[1378],"tags":[],"class_list":["post-42029","post","type-post","status-publish","format-standard","has-post-thumbnail","hentry","category-can-2025"],"_links":{"self":[{"href":"https:\/\/letempsmag.ma\/index.php?rest_route=\/wp\/v2\/posts\/42029","targetHints":{"allow":["GET"]}}],"collection":[{"href":"https:\/\/letempsmag.ma\/index.php?rest_route=\/wp\/v2\/posts"}],"about":[{"href":"https:\/\/letempsmag.ma\/index.php?rest_route=\/wp\/v2\/types\/post"}],"author":[{"embeddable":true,"href":"https:\/\/letempsmag.ma\/index.php?rest_route=\/wp\/v2\/users\/9"}],"replies":[{"embeddable":true,"href":"https:\/\/letempsmag.ma\/index.php?rest_route=%2Fwp%2Fv2%2Fcomments&post=42029"}],"version-history":[{"count":1,"href":"https:\/\/letempsmag.ma\/index.php?rest_route=\/wp\/v2\/posts\/42029\/revisions"}],"predecessor-version":[{"id":42030,"href":"https:\/\/letempsmag.ma\/index.php?rest_route=\/wp\/v2\/posts\/42029\/revisions\/42030"}],"wp:featuredmedia":[{"embeddable":true,"href":"https:\/\/letempsmag.ma\/index.php?rest_route=\/wp\/v2\/media\/42015"}],"wp:attachment":[{"href":"https:\/\/letempsmag.ma\/index.php?rest_route=%2Fwp%2Fv2%2Fmedia&parent=42029"}],"wp:term":[{"taxonomy":"category","embeddable":true,"href":"https:\/\/letempsmag.ma\/index.php?rest_route=%2Fwp%2Fv2%2Fcategories&post=42029"},{"taxonomy":"post_tag","embeddable":true,"href":"https:\/\/letempsmag.ma\/index.php?rest_route=%2Fwp%2Fv2%2Ftags&post=42029"}],"curies":[{"name":"wp","href":"https:\/\/api.w.org\/{rel}","templated":true}]}}