{"id":42025,"date":"2026-01-30T09:40:48","date_gmt":"2026-01-30T08:40:48","guid":{"rendered":"https:\/\/letempsmag.ma\/?p=42025"},"modified":"2026-01-30T09:40:49","modified_gmt":"2026-01-30T08:40:49","slug":"le-complexe-hospitalo-universitaire-international-mohammed-vi-de-rabat-certifie-hqe-exceptionnel","status":"publish","type":"post","link":"https:\/\/letempsmag.ma\/?p=42025","title":{"rendered":"Le Complexe Hospitalo-Universitaire International Mohammed VI de Rabat certifi\u00e9 \u00abHQE Exceptionnel\u00bb"},"content":{"rendered":"\n<p>\u00c0 l\u2019occasion de la certification \u00abHQE\u00bb (Haute Qualit\u00e9 Environnementale) de niveau \u00abExceptionnel\u00bb d\u00e9livr\u00e9e par Certivea (organisme fran\u00e7ais certificateur), est qui une premi\u00e8re au Maroc et en Afrique, la Fondation Mohammed VI des Sciences et de la Sant\u00e9 a organis\u00e9 hier au sein du Complexe Hospitalo-Universitaire International Mohammed VI de Rabat, une c\u00e9r\u00e9monie officielle de remise de deux certificats attribu\u00e9s \u00e0 l\u2019H\u00f4pital et \u00e0 l\u2019Universit\u00e9 Mohammed VI des Sciences et de la Sant\u00e9 de Rabat.<\/p>\n\n\n\n<p>Cette reconnaissance a \u00e9t\u00e9 remise au Pr Youns Bjijou, Directeur D\u00e9l\u00e9gu\u00e9 de la Fondation Mohammed VI des Sciences et de la Sant\u00e9 (FM6SS). Elle affirme l\u2019engagement du projet en mati\u00e8re de durabilit\u00e9, de performance environnementale et d\u2019int\u00e9gration d\u2019\u00e9nergies renouvelables.<\/p>\n\n\n\n<p><strong><em>Un projet durable et responsable d\u00e8s sa conception<\/em><\/strong><\/p>\n\n\n\n<p>Con\u00e7u d\u00e8s l\u2019origine pour \u00eatre un \u00e9tablissement hospitalier et universitaire performant et durable, le complexe s\u2019\u00e9tend sur 280.000 m2, comprend 600 lits extensibles \u00e0 1.000, plus de 30 p\u00f4les m\u00e9dicaux et chirurgicaux et 24 blocs op\u00e9ratoires de haute technologie, ainsi qu\u2019une universit\u00e9 int\u00e9gr\u00e9e (Universit\u00e9 Mohammed VI des Sciences et de la Sant\u00e9). R\u00e9alis\u00e9 en seulement 24 mois de conception et construction, le projet place le patient et le soignant au c\u0153ur de son fonctionnement, tout en atteignant les standards internationaux les plus exigeants.<\/p>\n\n\n\n<p>La Fondation Mohammed VI des Sciences et de la Sant\u00e9 a int\u00e9gr\u00e9 la performance environnementale et la sobri\u00e9t\u00e9 \u00e9nerg\u00e9tique d\u00e8s la conception du projet, combinant solutions passives, optimisation de l\u2019enveloppe b\u00e2tie, ma\u00eetrise des apports solaires et production locale d\u2019\u00e9nergie renouvelable. Le complexe est ainsi \u00e9quip\u00e9 de 8.800 m2 de panneaux photovolta\u00efques, couvrant plus de 10\u202f% de ses besoins \u00e9nerg\u00e9tiques et permettant une r\u00e9duction de 40% de ses \u00e9missions de carbone.<\/p>\n\n\n\n<p><strong><em>Une d\u00e9marche globale et v\u00e9rifi\u00e9e<\/em><\/strong><\/p>\n\n\n\n<p>La certification \u00abHQE\u00bb niveau \u00abExceptionnel\u00bb atteste de l\u2019int\u00e9gration harmonieuse du complexe dans son environnement, de la ma\u00eetrise des consommations \u00e9nerg\u00e9tiques, de la gestion responsable de l\u2019eau, de la r\u00e9duction de l\u2019empreinte carbone et de la gestion optimis\u00e9e des d\u00e9chets hospitaliers. Elle reconna\u00eet \u00e9galement l\u2019excellence de la d\u00e9marche en mati\u00e8re d\u2019hygi\u00e8ne hospitali\u00e8re, ma\u00eetrise du risque infectieux et fiabilit\u00e9 des installations critiques.<\/p>\n\n\n\n<p>Rare pour un projet hospitalier de cette envergure, cette reconnaissance internationale place le Complexe Hospitalo-Universitaire International Mohammed VI de Rabat comme r\u00e9f\u00e9rence nationale de complexe durable et illustre le r\u00f4le de la Fondation dans le d\u00e9veloppement d\u2019infrastructures responsables de r\u00e9f\u00e9rence.<\/p>\n\n\n\n<p><strong><em>Un impact social et \u00e9conomique significatif<\/em><\/strong><\/p>\n\n\n\n<p>Au-del\u00e0 de ses performances environnementales, le projet g\u00e9n\u00e8re des milliers d\u2019emplois directs et indirects, contribuant ainsi au d\u00e9veloppement \u00e9conomique et social \u00e0 l\u2019\u00e9chelle r\u00e9gionale et nationale. Il s\u2019inscrit \u00e9galement pleinement dans la strat\u00e9gie nationale de transition \u00e9nerg\u00e9tique et dans les objectifs de d\u00e9veloppement durable.<\/p>\n\n\n\n<p>La Fondation Mohammed VI des Sciences et de la Sant\u00e9 r\u00e9affirme par cette r\u00e9alisation son engagement structurant et durable, faisant de ses h\u00f4pitaux et campus des mod\u00e8les d\u2019excellence environnementale, sanitaire et sociale pour le Maroc et au-del\u00e0.<\/p>\n","protected":false},"excerpt":{"rendered":"<p>\u00c0 l\u2019occasion de la certification \u00abHQE\u00bb (Haute Qualit\u00e9 Environnementale) de niveau \u00abExceptionnel\u00bb d\u00e9livr\u00e9e par Certivea (organisme fran\u00e7ais certificateur), est qui une premi\u00e8re au Maroc et en Afrique, la Fondation Mohammed VI des Sciences et de la Sant\u00e9 a organis\u00e9 hier au sein du Complexe Hospitalo-Universitaire International Mohammed VI de Rabat, une c\u00e9r\u00e9monie officielle de remise &hellip;<\/p>\n","protected":false},"author":9,"featured_media":42018,"comment_status":"open","ping_status":"closed","sticky":false,"template":"","format":"standard","meta":{"footnotes":""},"categories":[26],"tags":[],"class_list":["post-42025","post","type-post","status-publish","format-standard","has-post-thumbnail","hentry","category-sante"],"_links":{"self":[{"href":"https:\/\/letempsmag.ma\/index.php?rest_route=\/wp\/v2\/posts\/42025","targetHints":{"allow":["GET"]}}],"collection":[{"href":"https:\/\/letempsmag.ma\/index.php?rest_route=\/wp\/v2\/posts"}],"about":[{"href":"https:\/\/letempsmag.ma\/index.php?rest_route=\/wp\/v2\/types\/post"}],"author":[{"embeddable":true,"href":"https:\/\/letempsmag.ma\/index.php?rest_route=\/wp\/v2\/users\/9"}],"replies":[{"embeddable":true,"href":"https:\/\/letempsmag.ma\/index.php?rest_route=%2Fwp%2Fv2%2Fcomments&post=42025"}],"version-history":[{"count":1,"href":"https:\/\/letempsmag.ma\/index.php?rest_route=\/wp\/v2\/posts\/42025\/revisions"}],"predecessor-version":[{"id":42026,"href":"https:\/\/letempsmag.ma\/index.php?rest_route=\/wp\/v2\/posts\/42025\/revisions\/42026"}],"wp:featuredmedia":[{"embeddable":true,"href":"https:\/\/letempsmag.ma\/index.php?rest_route=\/wp\/v2\/media\/42018"}],"wp:attachment":[{"href":"https:\/\/letempsmag.ma\/index.php?rest_route=%2Fwp%2Fv2%2Fmedia&parent=42025"}],"wp:term":[{"taxonomy":"category","embeddable":true,"href":"https:\/\/letempsmag.ma\/index.php?rest_route=%2Fwp%2Fv2%2Fcategories&post=42025"},{"taxonomy":"post_tag","embeddable":true,"href":"https:\/\/letempsmag.ma\/index.php?rest_route=%2Fwp%2Fv2%2Ftags&post=42025"}],"curies":[{"name":"wp","href":"https:\/\/api.w.org\/{rel}","templated":true}]}}