{"id":42023,"date":"2026-01-30T09:39:12","date_gmt":"2026-01-30T08:39:12","guid":{"rendered":"https:\/\/letempsmag.ma\/?p=42023"},"modified":"2026-01-30T09:39:12","modified_gmt":"2026-01-30T08:39:12","slug":"africartech-federe-les-talents-du-continent","status":"publish","type":"post","link":"https:\/\/letempsmag.ma\/?p=42023","title":{"rendered":"Afric\u2019Artech f\u00e9d\u00e8re les talents du continent"},"content":{"rendered":"\n<p>Port\u00e9 par la vision de S.M. le Roi Mohammed VI, le Maroc s\u2019impose comme un carrefour strat\u00e9gique du d\u00e9veloppement africain. Dans cette dynamique, les talents du continent et de sa diaspora constituent une force de projection, un lien vivant entre cultures, savoirs et \u00e9conomies. Afric\u2019Artech est n\u00e9 de cette conviction&nbsp;: cr\u00e9er une plateforme d\u2019excellence o\u00f9 l\u2019art, la technologie et l\u2019innovation se rencontrent pour r\u00e9v\u00e9ler les cr\u00e9ateurs africains d\u2019aujourd\u2019hui et de demain.<\/p>\n\n\n\n<p>Plus qu\u2019un \u00e9v\u00e9nement, Afric\u2019Artech est un espace de transmission, de dialogue et de mise en synergie, d\u00e9di\u00e9 \u00e0 celles et ceux qui fa\u00e7onnent de nouveaux r\u00e9cits africains. C\u2019est une initiative de la Fondation Afric\u2019Artech, pens\u00e9e comme un pont entre les industries culturelles, la cr\u00e9ation artistique et les technologies \u00e9mergentes.<\/p>\n\n\n\n<p>Au c\u0153ur de ce dispositif, la diaspora africaine joue un r\u00f4le strat\u00e9gique. Afric\u2019Artech mobilise des artistes, ing\u00e9nieurs et cr\u00e9ateurs africains bas\u00e9s notamment \u00e0 Paris, Montr\u00e9al, Berlin, Londres et Lagos, afin de reconnecter expertise internationale et \u00e9nergie cr\u00e9ative locale. Cette dynamique contribue \u00e0 l\u2019\u00e9mergence d\u2019un \u00e9cosyst\u00e8me africain structur\u00e9, connect\u00e9 et comp\u00e9titif, capable de dialoguer avec les grandes sc\u00e8nes cr\u00e9atives mondiales. Sa premi\u00e8re \u00e9dition se tient les 29 et 30 janvier courant \u00e0 Casablanca, autour du th\u00e8me de l\u2019intelligence artificielle.<\/p>\n\n\n\n<p>L\u2019\u00e9v\u00e9nement rassemble artistes, entrepreneurs, chercheurs et innovateurs issus de 15 pays africains et de la diaspora. Conf\u00e9rences, masterclasses, exp\u00e9riences immersives, hackathon et prix d\u2019innovation composent une programmation con\u00e7ue pour encourager l\u2019\u00e9mergence de projets concrets et durables.<\/p>\n\n\n\n<p>Soutenue par des institutions nationales et internationales, Afric\u2019Artech s\u2019inscrit dans une ambition claire&nbsp;: positionner l\u2019Afrique comme un territoire majeur de cr\u00e9ation, d\u2019innovation et de pens\u00e9e contemporaine. Plus qu\u2019un \u00e9v\u00e9nement, Afric\u2019Artech se veut une initiative structurante au service de la cr\u00e9ation num\u00e9rique africaine, appel\u00e9e \u00e0 s\u2019inscrire durablement dans le paysage culturel et technologique du continent.<\/p>\n\n\n\n<p><strong><em>Une \u00e9dition fondatrice<\/em><\/strong><\/p>\n\n\n\n<p>Plac\u00e9e sous l\u2019\u00e9gide du Minist\u00e8re de la Jeunesse, de la Culture et de la Communication, avec le support du Minist\u00e8re de la Transition Num\u00e9rique et de la R\u00e9forme de l\u2019Administration, et organis\u00e9e par la Fondation Afric\u2019Artech, l\u2019\u00e9v\u00e9nement ambitionne de positionner le Maroc comme un hub strat\u00e9gique de la cr\u00e9ation num\u00e9rique africaine, \u00e0 la crois\u00e9e des arts, de la culture, de l\u2019intelligence artificielle et des technologies \u00e9mergentes.<\/p>\n\n\n\n<p>Plac\u00e9e sous le th\u00e8me \u00abAugmented Humanity&nbsp;: Africa at the Crossroads of Arts and Technology\u00bb (\u00abL&#8217;humanit\u00e9 augment\u00e9e&nbsp;: l&#8217;Afrique au carrefour des arts et des technologies\u00bb), cette \u00e9dition fondatrice interroge la place de l\u2019humain africain face aux mutations technologiques et affirme une vision forte. Celle d\u2019une Afrique cr\u00e9ative, productrice d\u2019innovations culturelles, d\u2019imaginaires contemporains et de mod\u00e8les technologiques durables.<\/p>\n\n\n\n<p>L\u2019inauguration a eu lieu en pr\u00e9sence de repr\u00e9sentants institutionnels nationaux et territoriaux, dont le Ministre de la Jeunesse, de la Culture et de la Communication, la Ministre d\u00e9l\u00e9gu\u00e9e charg\u00e9e de la Transition Num\u00e9rique et de la R\u00e9forme de l\u2019Administration, le Pr\u00e9sident du Conseil de la R\u00e9gion Casablanca-Settat, la Pr\u00e9sidente du Conseil de la Ville de Casablanca, ainsi que le Pr\u00e9sident du Conseil R\u00e9gional du Tourisme de Casablanca, ainsi que Mounia Arezki, Fondatrice d\u2019Afric\u2019Artech.<\/p>\n","protected":false},"excerpt":{"rendered":"<p>Port\u00e9 par la vision de S.M. le Roi Mohammed VI, le Maroc s\u2019impose comme un carrefour strat\u00e9gique du d\u00e9veloppement africain. Dans cette dynamique, les talents du continent et de sa diaspora constituent une force de projection, un lien vivant entre cultures, savoirs et \u00e9conomies. Afric\u2019Artech est n\u00e9 de cette conviction&nbsp;: cr\u00e9er une plateforme d\u2019excellence o\u00f9 &hellip;<\/p>\n","protected":false},"author":9,"featured_media":42016,"comment_status":"open","ping_status":"closed","sticky":false,"template":"","format":"standard","meta":{"footnotes":""},"categories":[1614],"tags":[],"class_list":["post-42023","post","type-post","status-publish","format-standard","has-post-thumbnail","hentry","category-art-technologies"],"_links":{"self":[{"href":"https:\/\/letempsmag.ma\/index.php?rest_route=\/wp\/v2\/posts\/42023","targetHints":{"allow":["GET"]}}],"collection":[{"href":"https:\/\/letempsmag.ma\/index.php?rest_route=\/wp\/v2\/posts"}],"about":[{"href":"https:\/\/letempsmag.ma\/index.php?rest_route=\/wp\/v2\/types\/post"}],"author":[{"embeddable":true,"href":"https:\/\/letempsmag.ma\/index.php?rest_route=\/wp\/v2\/users\/9"}],"replies":[{"embeddable":true,"href":"https:\/\/letempsmag.ma\/index.php?rest_route=%2Fwp%2Fv2%2Fcomments&post=42023"}],"version-history":[{"count":1,"href":"https:\/\/letempsmag.ma\/index.php?rest_route=\/wp\/v2\/posts\/42023\/revisions"}],"predecessor-version":[{"id":42024,"href":"https:\/\/letempsmag.ma\/index.php?rest_route=\/wp\/v2\/posts\/42023\/revisions\/42024"}],"wp:featuredmedia":[{"embeddable":true,"href":"https:\/\/letempsmag.ma\/index.php?rest_route=\/wp\/v2\/media\/42016"}],"wp:attachment":[{"href":"https:\/\/letempsmag.ma\/index.php?rest_route=%2Fwp%2Fv2%2Fmedia&parent=42023"}],"wp:term":[{"taxonomy":"category","embeddable":true,"href":"https:\/\/letempsmag.ma\/index.php?rest_route=%2Fwp%2Fv2%2Fcategories&post=42023"},{"taxonomy":"post_tag","embeddable":true,"href":"https:\/\/letempsmag.ma\/index.php?rest_route=%2Fwp%2Fv2%2Ftags&post=42023"}],"curies":[{"name":"wp","href":"https:\/\/api.w.org\/{rel}","templated":true}]}}