{"id":42003,"date":"2026-01-29T09:24:29","date_gmt":"2026-01-29T08:24:29","guid":{"rendered":"https:\/\/letempsmag.ma\/?p=42003"},"modified":"2026-01-29T09:24:29","modified_gmt":"2026-01-29T08:24:29","slug":"la-fondation-al-mada-et-le-collectif-4-0-racontent-des-histoires-berberes-a-casablanca","status":"publish","type":"post","link":"https:\/\/letempsmag.ma\/?p=42003","title":{"rendered":"La Fondation Al Mada et le Collectif 4.0 racontent des \u00abHistoires Berb\u00e8res\u00bb \u00e0 Casablanca"},"content":{"rendered":"\n<p>Le Collectif 4.0, en partenariat avec la Fondation Al Mada, invite le public \u00e0 d\u00e9couvrir \u00abHistoires Berb\u00e8res\u00bb, un atelier th\u00e9matique familial d\u00e9di\u00e9 \u00e0 la transmission culturelle, \u00e0 la cr\u00e9ation et \u00e0 l\u2019imaginaire, le samedi 31 janvier courant de 15h \u00e0 17h, \u00e0 la Villa des Arts de Casablanca.<\/p>\n\n\n\n<p>L\u2019\u00e9v\u00e9nement s\u2019inscrit dans une s\u00e9rie de rendez-vous culturels imagin\u00e9s par le Collectif 4.0 sous le th\u00e8me \u00abMaroc, Terre de Culture\u00bb, une programmation d\u00e9di\u00e9e \u00e0 la valorisation du patrimoine, des savoir-faire et des expressions culturelles marocaines \u00e0 travers des formats accessibles, participatifs et interg\u00e9n\u00e9rationnels.<\/p>\n\n\n\n<p>\u00abHistoires Berb\u00e8res\u00bb marque le premier \u00e9v\u00e9nement de ce cycle, pens\u00e9 comme un parcours culturel \u00e9volutif \u00e0 destination des familles et du grand public. Imagin\u00e9 comme un moment de partage interg\u00e9n\u00e9rationnel, Le spectacle propose une immersion dans l\u2019univers riche et symbolique de la culture amazighe \u00e0 travers une s\u00e9rie d\u2019activit\u00e9s ludiques et p\u00e9dagogiques. L\u2019\u00e9v\u00e9nement s\u2019adresse aux enfants comme aux adultes, dans un esprit d\u2019\u00e9change, de d\u00e9couverte et de cr\u00e9ation collective.<\/p>\n\n\n\n<p>Au programme&nbsp;:<\/p>\n\n\n\n<p>&#8211; Ateliers cosm\u00e9tiques DIY.<\/p>\n\n\n\n<p>&#8211; Ateliers manuels&nbsp;: peinture sur poterie.<\/p>\n\n\n\n<p>&#8211; Dessin&nbsp;: cr\u00e9er et imaginer autour de l\u2019univers amazigh.<\/p>\n\n\n\n<p>&#8211; Musique&nbsp;: s\u2019initier aux sons et rythmes traditionnels.<\/p>\n\n\n\n<p>&#8211; Exposition&nbsp;: d\u00e9couvrir, observer et partager en famille.<\/p>\n\n\n\n<p><strong><em>Informations pratiques<\/em><\/strong><\/p>\n\n\n\n<p>&#8211; Date&nbsp;: samedi 31 janvier 2026.<\/p>\n\n\n\n<p>&#8211; Horaire&nbsp;: 15h \u00e0 17h.<\/p>\n\n\n\n<p>&#8211; Lieu&nbsp;: Villa des Arts de Casablanca, 30 Bd Brahim Roudani, Rue Abou El Kacem Chabi.<\/p>\n\n\n\n<p>&#8211; Tarif&nbsp;: ticket famille \u00e0 50 DH.<\/p>\n\n\n\n<p>&#8211; Public&nbsp;: familles, enfants, grand public.<\/p>\n\n\n\n<p><strong><em>\u00c0 propos du Collectif 4.0<\/em><\/strong><\/p>\n\n\n\n<p>Le Collectif 4.0 est un mouvement de freelances seniors au service de projets cr\u00e9atifs, culturels et \u00e9v\u00e9nementiels exigeants. Il con\u00e7oit et d\u00e9veloppe des projets m\u00ealant cr\u00e9ation contemporaine, transmission et engagement citoyen, avec une attention particuli\u00e8re port\u00e9e aux publics jeunes et familiaux. Instagram&nbsp;: \u00ab@collectif_4.0\u00bb<\/p>\n","protected":false},"excerpt":{"rendered":"<p>Le Collectif 4.0, en partenariat avec la Fondation Al Mada, invite le public \u00e0 d\u00e9couvrir \u00abHistoires Berb\u00e8res\u00bb, un atelier th\u00e9matique familial d\u00e9di\u00e9 \u00e0 la transmission culturelle, \u00e0 la cr\u00e9ation et \u00e0 l\u2019imaginaire, le samedi 31 janvier courant de 15h \u00e0 17h, \u00e0 la Villa des Arts de Casablanca. L\u2019\u00e9v\u00e9nement s\u2019inscrit dans une s\u00e9rie de rendez-vous &hellip;<\/p>\n","protected":false},"author":9,"featured_media":41986,"comment_status":"open","ping_status":"closed","sticky":false,"template":"","format":"standard","meta":{"footnotes":""},"categories":[56],"tags":[],"class_list":["post-42003","post","type-post","status-publish","format-standard","has-post-thumbnail","hentry","category-patrimoine"],"_links":{"self":[{"href":"https:\/\/letempsmag.ma\/index.php?rest_route=\/wp\/v2\/posts\/42003","targetHints":{"allow":["GET"]}}],"collection":[{"href":"https:\/\/letempsmag.ma\/index.php?rest_route=\/wp\/v2\/posts"}],"about":[{"href":"https:\/\/letempsmag.ma\/index.php?rest_route=\/wp\/v2\/types\/post"}],"author":[{"embeddable":true,"href":"https:\/\/letempsmag.ma\/index.php?rest_route=\/wp\/v2\/users\/9"}],"replies":[{"embeddable":true,"href":"https:\/\/letempsmag.ma\/index.php?rest_route=%2Fwp%2Fv2%2Fcomments&post=42003"}],"version-history":[{"count":1,"href":"https:\/\/letempsmag.ma\/index.php?rest_route=\/wp\/v2\/posts\/42003\/revisions"}],"predecessor-version":[{"id":42004,"href":"https:\/\/letempsmag.ma\/index.php?rest_route=\/wp\/v2\/posts\/42003\/revisions\/42004"}],"wp:featuredmedia":[{"embeddable":true,"href":"https:\/\/letempsmag.ma\/index.php?rest_route=\/wp\/v2\/media\/41986"}],"wp:attachment":[{"href":"https:\/\/letempsmag.ma\/index.php?rest_route=%2Fwp%2Fv2%2Fmedia&parent=42003"}],"wp:term":[{"taxonomy":"category","embeddable":true,"href":"https:\/\/letempsmag.ma\/index.php?rest_route=%2Fwp%2Fv2%2Fcategories&post=42003"},{"taxonomy":"post_tag","embeddable":true,"href":"https:\/\/letempsmag.ma\/index.php?rest_route=%2Fwp%2Fv2%2Ftags&post=42003"}],"curies":[{"name":"wp","href":"https:\/\/api.w.org\/{rel}","templated":true}]}}