{"id":42001,"date":"2026-01-29T09:23:38","date_gmt":"2026-01-29T08:23:38","guid":{"rendered":"https:\/\/letempsmag.ma\/?p=42001"},"modified":"2026-01-29T09:23:38","modified_gmt":"2026-01-29T08:23:38","slug":"dr-imane-kendili-a-davos-une-voix-marocaine-et-africaine-au-coeur-des-mutations-mondiales","status":"publish","type":"post","link":"https:\/\/letempsmag.ma\/?p=42001","title":{"rendered":"Dr Imane Kendili \u00e0 Davos, une voix marocaine et africaine au c\u0153ur des mutations mondiales"},"content":{"rendered":"\n<p>La 56<sup>\u00e8me<\/sup> \u00e9dition du Forum \u00c9conomique Mondial s\u2019est tenue cette ann\u00e9e du 19 au 23 janvier \u00e0 Davos (Suisse), sous le th\u00e8me central \u00abA Spirit of Dialogue\u00bb, rassemblant pr\u00e8s de 3.000 leaders politiques, \u00e9conomiques, scientifiques et de la soci\u00e9t\u00e9 civile, venus de plus de 130 pays.<\/p>\n\n\n\n<p>Dans un contexte mondial marqu\u00e9 par des tensions g\u00e9opolitiques, des d\u00e9fis technologiques majeurs et une red\u00e9finition des priorit\u00e9s globales, les d\u00e9bats ont port\u00e9 sur les enjeux \u00e9conomiques, environnementaux et g\u00e9opolitiques de l\u2019ann\u00e9e \u00e0 venir, avec un accent particulier sur la croissance durable, l\u2019intelligence artificielle et la coop\u00e9ration internationale.<\/p>\n\n\n\n<p>Parmi les voix \u00e9mergentes qui ont marqu\u00e9 cette \u00e9dition, la figure marocaine Dr Imane Kendili, psychiatre, experte internationale en sant\u00e9 publique et Pr\u00e9sidente de l\u2019ONG African Global Health. Elle a particip\u00e9 activement en tant que membre de la d\u00e9l\u00e9gation officielle de Diplomatic Courier aux Davos Dialogues et au Future of Philanthropy Forum, des \u00e9v\u00e9nements organis\u00e9s en marge du Forum principal. Ces rencontres, con\u00e7ues comme des espaces de discussions approfondies et d\u2019\u00e9changes interg\u00e9n\u00e9rationnels, permettent de d\u00e9passer l\u2019agenda public pour reconsid\u00e9rer les mod\u00e8les de leadership et de coop\u00e9ration mondiale \u00e0 l\u2019horizon 2030. Dr Imane Kendili y a pris part en apportant une perspective de gouvernance inclusive, mettant en avant l\u2019importance d\u2019une approche holistique qui relie diplomatie, \u00e9conomie, technologies et justice sociale, ainsi que la n\u00e9cessit\u00e9 de promouvoir le leadership f\u00e9minin.<\/p>\n\n\n\n<p><strong><em>Au-del\u00e0 de la sant\u00e9 classique<\/em><\/strong><\/p>\n\n\n\n<p>Contrairement aux repr\u00e9sentations traditionnelles centr\u00e9es sur l\u2019\u00e9conomie, le Davos 2026 a \u00e9largi ses discussions \u00e0 des enjeux sociaux et technologiques. L\u2019impact de l\u2019IA sur l\u2019emploi des jeunes, la redistribution des gains de productivit\u00e9 et la n\u00e9cessit\u00e9 d\u2019un cadre de gouvernance global de l\u2019IA ont \u00e9t\u00e9 des sujets r\u00e9currents, soulignant l\u2019importance d\u2019une coop\u00e9ration internationale renforc\u00e9e entre gouvernements, entreprises et soci\u00e9t\u00e9 civile.<\/p>\n\n\n\n<p>Dans ce contexte, la Pr\u00e9sidente d\u2019African Global Health a enrichi les discussions officielles et informelles en soulignant que la diplomatie sanitaire et sociale ne peut \u00eatre dissoci\u00e9e de l\u2019agenda \u00e9conomique global. \u00c0 travers plusieurs sessions ouvertes Dr Imane Kendili a contribu\u00e9 \u00e0 des \u00e9changes sur des th\u00e9matiques transversales allant bien au-del\u00e0 de la sant\u00e9 classique, notamment l\u2019\u00e9quit\u00e9 dans l\u2019acc\u00e8s aux technologies, la gouvernance de l\u2019intelligence artificielle, la s\u00e9curit\u00e9 alimentaire, le changement climatique et le r\u00f4le \u00e9volutif de la philanthropie dans la gouvernance mondiale. Dans un contexte de recomposition rapide des \u00e9quilibres technologiques et \u00e9conomiques, elle a mis en avant l\u2019importance d\u2019une approche syst\u00e9mique reliant innovation, diplomatie et inclusion sociale, notamment en faveur du Global South.<\/p>\n\n\n\n<p>Cette \u00e9dition 2026 a aussi \u00e9t\u00e9 marqu\u00e9e par des prises de position fortes de dirigeants politiques et \u00e9conomiques. Les d\u00e9bats ont exprim\u00e9 une volont\u00e9 de tirer parti des innovations technologiques pour r\u00e9pondre aux d\u00e9fis environnementaux et sociaux, tout en reconnaissant que ces m\u00eames technologies, comme l\u2019IA, n\u00e9cessitent des cadres de r\u00e9gulation robustes pour pr\u00e9venir les fractures \u00e9conomiques et sociales.<\/p>\n\n\n\n<p>La pr\u00e9sence \u00e0 Davos de figures telles que Dr Imane Kendili illustre une tendance croissante \u00e0 int\u00e9grer davantage de perspectives issues du Global South, incluant les femmes leaders et les experts du d\u00e9veloppement, dans les espaces o\u00f9 se d\u00e9finissent les grandes orientations \u00e9conomiques et politiques internationales.<\/p>\n\n\n\n<p>Alors que la 56<sup>\u00e8me<\/sup> \u00e9dition du Forum \u00c9conomique Mondial s\u2019est conclue sur une volont\u00e9 affirm\u00e9e de dialogue renforc\u00e9 malgr\u00e9 des fragilit\u00e9s g\u00e9opolitiques profondes, cette inclusion s\u2019est r\u00e9v\u00e9l\u00e9e essentielle pour anticiper des d\u00e9fis complexes qui ne peuvent plus \u00eatre abord\u00e9s par des r\u00e9ponses sectorielles ou unilat\u00e9rales, confirmant l\u2019importance d\u2019approches inclusives et transversales dans la gouvernance mondiale.<\/p>\n","protected":false},"excerpt":{"rendered":"<p>La 56\u00e8me \u00e9dition du Forum \u00c9conomique Mondial s\u2019est tenue cette ann\u00e9e du 19 au 23 janvier \u00e0 Davos (Suisse), sous le th\u00e8me central \u00abA Spirit of Dialogue\u00bb, rassemblant pr\u00e8s de 3.000 leaders politiques, \u00e9conomiques, scientifiques et de la soci\u00e9t\u00e9 civile, venus de plus de 130 pays. Dans un contexte mondial marqu\u00e9 par des tensions g\u00e9opolitiques, &hellip;<\/p>\n","protected":false},"author":9,"featured_media":41988,"comment_status":"open","ping_status":"closed","sticky":false,"template":"","format":"standard","meta":{"footnotes":""},"categories":[492],"tags":[],"class_list":["post-42001","post","type-post","status-publish","format-standard","has-post-thumbnail","hentry","category-forum"],"_links":{"self":[{"href":"https:\/\/letempsmag.ma\/index.php?rest_route=\/wp\/v2\/posts\/42001","targetHints":{"allow":["GET"]}}],"collection":[{"href":"https:\/\/letempsmag.ma\/index.php?rest_route=\/wp\/v2\/posts"}],"about":[{"href":"https:\/\/letempsmag.ma\/index.php?rest_route=\/wp\/v2\/types\/post"}],"author":[{"embeddable":true,"href":"https:\/\/letempsmag.ma\/index.php?rest_route=\/wp\/v2\/users\/9"}],"replies":[{"embeddable":true,"href":"https:\/\/letempsmag.ma\/index.php?rest_route=%2Fwp%2Fv2%2Fcomments&post=42001"}],"version-history":[{"count":1,"href":"https:\/\/letempsmag.ma\/index.php?rest_route=\/wp\/v2\/posts\/42001\/revisions"}],"predecessor-version":[{"id":42002,"href":"https:\/\/letempsmag.ma\/index.php?rest_route=\/wp\/v2\/posts\/42001\/revisions\/42002"}],"wp:featuredmedia":[{"embeddable":true,"href":"https:\/\/letempsmag.ma\/index.php?rest_route=\/wp\/v2\/media\/41988"}],"wp:attachment":[{"href":"https:\/\/letempsmag.ma\/index.php?rest_route=%2Fwp%2Fv2%2Fmedia&parent=42001"}],"wp:term":[{"taxonomy":"category","embeddable":true,"href":"https:\/\/letempsmag.ma\/index.php?rest_route=%2Fwp%2Fv2%2Fcategories&post=42001"},{"taxonomy":"post_tag","embeddable":true,"href":"https:\/\/letempsmag.ma\/index.php?rest_route=%2Fwp%2Fv2%2Ftags&post=42001"}],"curies":[{"name":"wp","href":"https:\/\/api.w.org\/{rel}","templated":true}]}}