{"id":41995,"date":"2026-01-29T09:20:30","date_gmt":"2026-01-29T08:20:30","guid":{"rendered":"https:\/\/letempsmag.ma\/?p=41995"},"modified":"2026-01-29T09:20:31","modified_gmt":"2026-01-29T08:20:31","slug":"talora-afrique-fait-son-entree-sur-le-marche-marocain-avec-le-lancement-du-prototype-orienta","status":"publish","type":"post","link":"https:\/\/letempsmag.ma\/?p=41995","title":{"rendered":"Talora Afrique fait son entr\u00e9e sur le march\u00e9 marocain avec le lancement du prototype \u00abOrienta\u00bb"},"content":{"rendered":"\n<p>Nouvel acteur du home design au Maroc, Talora Afrique a choisi Casablanca pour annoncer officiellement son entr\u00e9e sur le march\u00e9 national, \u00e0 l\u2019occasion d\u2019une rencontre avec les m\u00e9dias et les professionnels du secteur. Cette conf\u00e9rence de presse a r\u00e9uni journalistes, architectes, partenaires distributeurs et repr\u00e9sentants du groupe \u00e0 l\u2019\u00e9chelle europ\u00e9enne, marquant une \u00e9tape cl\u00e9 dans le d\u00e9ploiement africain de l\u2019entreprise.<\/p>\n\n\n\n<p>L\u2019\u00e9v\u00e9nement s\u2019est tenu en pr\u00e9sence d\u2019Amine Nihrane (\u00e0 gauche sur la photo), CEO de Talora Afrique, qui a expos\u00e9 la vision strat\u00e9gique du groupe au Maroc et sur le continent, fond\u00e9e sur l\u2019innovation, le partenariat local et une ambition industrielle \u00e0 moyen terme. Muhterem Turk, CEO de Talora Europe, a pour sa part soulign\u00e9 la solidit\u00e9 du groupe et la coh\u00e9rence de son d\u00e9veloppement entre l\u2019Europe et l\u2019Afrique.<\/p>\n\n\n\n<p>Temps fort de la rencontre, le d\u00e9voilement du prototype \u00abOrienta\u00bb a suscit\u00e9 un vif int\u00e9r\u00eat aupr\u00e8s des professionnels pr\u00e9sents. Pr\u00e9sent\u00e9 pour la premi\u00e8re fois au public marocain, ce volet architectural \u00e0 lames orientables se distingue par sa capacit\u00e9 \u00e0 ma\u00eetriser la lumi\u00e8re, pr\u00e9server l\u2019intimit\u00e9 sans cloisonner l\u2019espace et am\u00e9liorer le confort thermique, tout en offrant robustesse et r\u00e9sistance aux conditions climatiques exigeantes.<\/p>\n\n\n\n<p>Les \u00e9changes ont \u00e9galement mis en avant le mod\u00e8le de distribution de Talora, fond\u00e9 sur un r\u00e9seau exclusif de partenaires agr\u00e9\u00e9s, garantissant qualit\u00e9 d\u2019installation, accompagnement et proximit\u00e9 avec le march\u00e9. \u00c0 l\u2019issue de la pr\u00e9sentation, les invit\u00e9s ont pu manipuler le produit et en appr\u00e9cier concr\u00e8tement les caract\u00e9ristiques.<\/p>\n\n\n\n<p>Appr\u00e9ci\u00e9 par les architectes pour son ad\u00e9quation avec les exigences contemporaines de design et d\u2019adaptation climatique, Orienta constitue la premi\u00e8re \u00e9tape d\u2019un d\u00e9veloppement plus large. D\u2019autres solutions viendront enrichir la gamme, confirmant l\u2019ambition de Talora Afrique de s\u2019inscrire durablement dans le paysage du home design au Maroc.<\/p>\n\n\n\n<p><strong>L. F.<\/strong><\/p>\n","protected":false},"excerpt":{"rendered":"<p>Nouvel acteur du home design au Maroc, Talora Afrique a choisi Casablanca pour annoncer officiellement son entr\u00e9e sur le march\u00e9 national, \u00e0 l\u2019occasion d\u2019une rencontre avec les m\u00e9dias et les professionnels du secteur. Cette conf\u00e9rence de presse a r\u00e9uni journalistes, architectes, partenaires distributeurs et repr\u00e9sentants du groupe \u00e0 l\u2019\u00e9chelle europ\u00e9enne, marquant une \u00e9tape cl\u00e9 dans &hellip;<\/p>\n","protected":false},"author":9,"featured_media":41979,"comment_status":"open","ping_status":"closed","sticky":false,"template":"","format":"standard","meta":{"footnotes":""},"categories":[1612],"tags":[],"class_list":["post-41995","post","type-post","status-publish","format-standard","has-post-thumbnail","hentry","category-home-design"],"_links":{"self":[{"href":"https:\/\/letempsmag.ma\/index.php?rest_route=\/wp\/v2\/posts\/41995","targetHints":{"allow":["GET"]}}],"collection":[{"href":"https:\/\/letempsmag.ma\/index.php?rest_route=\/wp\/v2\/posts"}],"about":[{"href":"https:\/\/letempsmag.ma\/index.php?rest_route=\/wp\/v2\/types\/post"}],"author":[{"embeddable":true,"href":"https:\/\/letempsmag.ma\/index.php?rest_route=\/wp\/v2\/users\/9"}],"replies":[{"embeddable":true,"href":"https:\/\/letempsmag.ma\/index.php?rest_route=%2Fwp%2Fv2%2Fcomments&post=41995"}],"version-history":[{"count":1,"href":"https:\/\/letempsmag.ma\/index.php?rest_route=\/wp\/v2\/posts\/41995\/revisions"}],"predecessor-version":[{"id":41996,"href":"https:\/\/letempsmag.ma\/index.php?rest_route=\/wp\/v2\/posts\/41995\/revisions\/41996"}],"wp:featuredmedia":[{"embeddable":true,"href":"https:\/\/letempsmag.ma\/index.php?rest_route=\/wp\/v2\/media\/41979"}],"wp:attachment":[{"href":"https:\/\/letempsmag.ma\/index.php?rest_route=%2Fwp%2Fv2%2Fmedia&parent=41995"}],"wp:term":[{"taxonomy":"category","embeddable":true,"href":"https:\/\/letempsmag.ma\/index.php?rest_route=%2Fwp%2Fv2%2Fcategories&post=41995"},{"taxonomy":"post_tag","embeddable":true,"href":"https:\/\/letempsmag.ma\/index.php?rest_route=%2Fwp%2Fv2%2Ftags&post=41995"}],"curies":[{"name":"wp","href":"https:\/\/api.w.org\/{rel}","templated":true}]}}