{"id":41976,"date":"2026-01-28T12:50:17","date_gmt":"2026-01-28T11:50:17","guid":{"rendered":"https:\/\/letempsmag.ma\/?p=41976"},"modified":"2026-01-28T12:50:17","modified_gmt":"2026-01-28T11:50:17","slug":"casa-we-art-2025-la-megapole-revele-lenergie-creative-de-sa-jeunesse","status":"publish","type":"post","link":"https:\/\/letempsmag.ma\/?p=41976","title":{"rendered":"Casa We Art 2025 : la m\u00e9gapole r\u00e9v\u00e8le l\u2019\u00e9nergie cr\u00e9ative de sa jeunesse"},"content":{"rendered":"\n<p>La deuxi\u00e8me \u00e9dition du Festival des Talents de Casablanca pour la culture et les arts locaux, Csa We Art 2025, s\u2019est achev\u00e9e le vendredi 23 janvier 2026 lors d\u2019une soir\u00e9e de cl\u00f4ture au Th\u00e9\u00e2tre Mohammed VI, r\u00e9unissant cr\u00e9ateurs, professionnels et acteurs institutionnels autour d\u2019une m\u00eame c\u00e9l\u00e9bration de la cr\u00e9ation.<br>Pens\u00e9 comme un espace de d\u00e9couverte et de transmission, le festival s\u2019impose d\u00e9sormais comme un rendez-vous structurant de la sc\u00e8ne artistique locale. Cette \u00e9dition a rassembl\u00e9 477 participants, s\u00e9lectionn\u00e9s parmi plusieurs centaines de candidatures issues de tous les quartiers de la ville. Musique, th\u00e9\u00e2tre collectif, arts visuels, cin\u00e9ma et arts plastiques ont ainsi dialogu\u00e9 dans un esprit d\u2019\u00e9mulation et d\u2019exigence artistique, donnant lieu \u00e0 la distinction de 39 laur\u00e9ats.<br>Au-del\u00e0 de la comp\u00e9tition, Czsa We Art a mis en lumi\u00e8re la diversit\u00e9 des \u00e9critures artistiques et des regards port\u00e9s sur la ville et ses transformations. Les \u0153uvres pr\u00e9sent\u00e9es ont t\u00e9moign\u00e9 des pr\u00e9occupations, des aspirations et des imaginaires d\u2019une jeunesse qui s\u2019approprie la culture comme espace d\u2019expression et de construction identitaire.<br>Lors de la c\u00e9r\u00e9monie, Abdellatif Naciri, Vice-Pr\u00e9sident de la Commune de Casablanca charg\u00e9 des affaires culturelles et sportives, a soulign\u00e9 l\u2019importance du festival dans la consolidation d\u2019une politique culturelle inclusive. De son c\u00f4t\u00e9, Mohamed Jouahri, Directeur G\u00e9n\u00e9ral de Casablanca Events &amp; Animation, a mis en avant la mont\u00e9e en puissance d\u2019un mod\u00e8le professionnel de gestion des \u00e9v\u00e9nements culturels.<br>L\u2019\u00e9dition 2025 a \u00e9galement rendu hommage \u00e0 plusieurs figures artistiques casablancaises, saluant des parcours qui ont marqu\u00e9 durablement la sc\u00e8ne nationale. \u00c0 travers cette dynamique interg\u00e9n\u00e9rationnelle, Casa We Art confirme son r\u00f4le de passerelle entre h\u00e9ritage et cr\u00e9ation contemporaine, contribuant au rayonnement culturel de Casablanca.<\/p>\n\n\n\n<p><strong>L. F.<\/strong><\/p>\n","protected":false},"excerpt":{"rendered":"<p>La deuxi\u00e8me \u00e9dition du Festival des Talents de Casablanca pour la culture et les arts locaux, Csa We Art 2025, s\u2019est achev\u00e9e le vendredi 23 janvier 2026 lors d\u2019une soir\u00e9e de cl\u00f4ture au Th\u00e9\u00e2tre Mohammed VI, r\u00e9unissant cr\u00e9ateurs, professionnels et acteurs institutionnels autour d\u2019une m\u00eame c\u00e9l\u00e9bration de la cr\u00e9ation.Pens\u00e9 comme un espace de d\u00e9couverte et &hellip;<\/p>\n","protected":false},"author":9,"featured_media":41977,"comment_status":"open","ping_status":"closed","sticky":false,"template":"","format":"standard","meta":{"footnotes":""},"categories":[889],"tags":[],"class_list":["post-41976","post","type-post","status-publish","format-standard","has-post-thumbnail","hentry","category-festival"],"_links":{"self":[{"href":"https:\/\/letempsmag.ma\/index.php?rest_route=\/wp\/v2\/posts\/41976","targetHints":{"allow":["GET"]}}],"collection":[{"href":"https:\/\/letempsmag.ma\/index.php?rest_route=\/wp\/v2\/posts"}],"about":[{"href":"https:\/\/letempsmag.ma\/index.php?rest_route=\/wp\/v2\/types\/post"}],"author":[{"embeddable":true,"href":"https:\/\/letempsmag.ma\/index.php?rest_route=\/wp\/v2\/users\/9"}],"replies":[{"embeddable":true,"href":"https:\/\/letempsmag.ma\/index.php?rest_route=%2Fwp%2Fv2%2Fcomments&post=41976"}],"version-history":[{"count":1,"href":"https:\/\/letempsmag.ma\/index.php?rest_route=\/wp\/v2\/posts\/41976\/revisions"}],"predecessor-version":[{"id":41978,"href":"https:\/\/letempsmag.ma\/index.php?rest_route=\/wp\/v2\/posts\/41976\/revisions\/41978"}],"wp:featuredmedia":[{"embeddable":true,"href":"https:\/\/letempsmag.ma\/index.php?rest_route=\/wp\/v2\/media\/41977"}],"wp:attachment":[{"href":"https:\/\/letempsmag.ma\/index.php?rest_route=%2Fwp%2Fv2%2Fmedia&parent=41976"}],"wp:term":[{"taxonomy":"category","embeddable":true,"href":"https:\/\/letempsmag.ma\/index.php?rest_route=%2Fwp%2Fv2%2Fcategories&post=41976"},{"taxonomy":"post_tag","embeddable":true,"href":"https:\/\/letempsmag.ma\/index.php?rest_route=%2Fwp%2Fv2%2Ftags&post=41976"}],"curies":[{"name":"wp","href":"https:\/\/api.w.org\/{rel}","templated":true}]}}