{"id":41974,"date":"2026-01-28T11:38:48","date_gmt":"2026-01-28T10:38:48","guid":{"rendered":"https:\/\/letempsmag.ma\/?p=41974"},"modified":"2026-01-28T11:38:49","modified_gmt":"2026-01-28T10:38:49","slug":"le-temps-quil-fera-aujourdhui-sur-le-royaume-2","status":"publish","type":"post","link":"https:\/\/letempsmag.ma\/?p=41974","title":{"rendered":"Le temps qu\u2019il fera aujourd\u2019hui sur le Royaume"},"content":{"rendered":"\n<p>Voici les pr\u00e9visions m\u00e9t\u00e9orologiques pour ce mercredi 28 janvier 2026, \u00e9tablies par la Direction G\u00e9n\u00e9rale de la M\u00e9t\u00e9orologie&nbsp;:<\/p>\n\n\n\n<p>&#8211; Pluies et averses sur le Tang\u00e9rois, Loukkos, le Rif et le nord du Gharb.<\/p>\n\n\n\n<p>&#8211; Temps souvent nuageux avec pluies sur les Haut et Moyen Atlas, le Saiss.<\/p>\n\n\n\n<p>&#8211; Temps passag\u00e8rement nuageux avec pluies \u00e9parses sur les plaines nord et centre, le Nord de l&#8217;Oriental, le Nord-Ouest des provinces sahariennes, le Souss et la rive m\u00e9diterran\u00e9enne.<\/p>\n\n\n\n<p>&#8211; Quelques flocons de neige sur les sommets du Moyen Atlas.<\/p>\n\n\n\n<p>&#8211; Rafales de vent assez fortes \u00e0 fortes sur le Tang\u00e9rois, le Rif, la M\u00e9diterran\u00e9e, l&#8217;Atlas; l&#8217;Oriental et les plaines nord et centre et le Nord des provinces sahariennes.<\/p>\n\n\n\n<p>&#8211; Temp\u00e9rature minimale de l\u2019ordre de -02\/04\u00b0C sur l\u2019Atlas, de 04\/06\u00b0C sur le Rif, les Hauts plateaux, de 08\/12\u00b0C sur les provinces sahariennes et de 10\/15\u00b0C partout ailleurs.<\/p>\n\n\n\n<p>&#8211; Temp\u00e9rature diurne en l\u00e9g\u00e8re hausse sur les plaines atlantiques nord et centre, le Sud de l&#8217;Oriental et les provinces sahariennes.<\/p>\n\n\n\n<p>&#8211; Mer forte \u00e0 tr\u00e8s forte sur la M\u00e9diterran\u00e9e, forte \u00e0 tr\u00e8s forte, localement tr\u00e8s forte \u00e0 grosse sur le D\u00e9troit, tr\u00e8s forte \u00e0 grosse au Nord de Cap Cantin (Safi), forte \u00e0 tr\u00e8s forte entre Cap Cantin et Tan-Tan, agit\u00e9e \u00e0 forte au Sud de Tan-Tan et localement peu agit\u00e9e \u00e0 agit\u00e9e la nuit et le matin.<\/p>\n","protected":false},"excerpt":{"rendered":"<p>Voici les pr\u00e9visions m\u00e9t\u00e9orologiques pour ce mercredi 28 janvier 2026, \u00e9tablies par la Direction G\u00e9n\u00e9rale de la M\u00e9t\u00e9orologie&nbsp;: &#8211; Pluies et averses sur le Tang\u00e9rois, Loukkos, le Rif et le nord du Gharb. &#8211; Temps souvent nuageux avec pluies sur les Haut et Moyen Atlas, le Saiss. &#8211; Temps passag\u00e8rement nuageux avec pluies \u00e9parses sur &hellip;<\/p>\n","protected":false},"author":9,"featured_media":41963,"comment_status":"open","ping_status":"closed","sticky":false,"template":"","format":"standard","meta":{"footnotes":""},"categories":[234],"tags":[],"class_list":["post-41974","post","type-post","status-publish","format-standard","has-post-thumbnail","hentry","category-meteo-2"],"_links":{"self":[{"href":"https:\/\/letempsmag.ma\/index.php?rest_route=\/wp\/v2\/posts\/41974","targetHints":{"allow":["GET"]}}],"collection":[{"href":"https:\/\/letempsmag.ma\/index.php?rest_route=\/wp\/v2\/posts"}],"about":[{"href":"https:\/\/letempsmag.ma\/index.php?rest_route=\/wp\/v2\/types\/post"}],"author":[{"embeddable":true,"href":"https:\/\/letempsmag.ma\/index.php?rest_route=\/wp\/v2\/users\/9"}],"replies":[{"embeddable":true,"href":"https:\/\/letempsmag.ma\/index.php?rest_route=%2Fwp%2Fv2%2Fcomments&post=41974"}],"version-history":[{"count":1,"href":"https:\/\/letempsmag.ma\/index.php?rest_route=\/wp\/v2\/posts\/41974\/revisions"}],"predecessor-version":[{"id":41975,"href":"https:\/\/letempsmag.ma\/index.php?rest_route=\/wp\/v2\/posts\/41974\/revisions\/41975"}],"wp:featuredmedia":[{"embeddable":true,"href":"https:\/\/letempsmag.ma\/index.php?rest_route=\/wp\/v2\/media\/41963"}],"wp:attachment":[{"href":"https:\/\/letempsmag.ma\/index.php?rest_route=%2Fwp%2Fv2%2Fmedia&parent=41974"}],"wp:term":[{"taxonomy":"category","embeddable":true,"href":"https:\/\/letempsmag.ma\/index.php?rest_route=%2Fwp%2Fv2%2Fcategories&post=41974"},{"taxonomy":"post_tag","embeddable":true,"href":"https:\/\/letempsmag.ma\/index.php?rest_route=%2Fwp%2Fv2%2Ftags&post=41974"}],"curies":[{"name":"wp","href":"https:\/\/api.w.org\/{rel}","templated":true}]}}