{"id":41972,"date":"2026-01-28T11:38:05","date_gmt":"2026-01-28T10:38:05","guid":{"rendered":"https:\/\/letempsmag.ma\/?p=41972"},"modified":"2026-01-28T11:38:07","modified_gmt":"2026-01-28T10:38:07","slug":"le-maroc-joue-un-role-structurant-selon-un-haut-responsable-onusien","status":"publish","type":"post","link":"https:\/\/letempsmag.ma\/?p=41972","title":{"rendered":"Le Maroc joue un r\u00f4le \u00abstructurant\u00bb, selon un haut responsable onusien"},"content":{"rendered":"\n<p>Le Maroc, un pays qui incarne la stabilit\u00e9, la cr\u00e9dibilit\u00e9 \u00e9conomique et la capacit\u00e9 de projection strat\u00e9gique, joue un r\u00f4le \u00abstructurant\u00bb sur le continent africain. C\u2019est ce que d\u00e9clare le Secr\u00e9taire ex\u00e9cutif de la Commission \u00e9conomique des Nations Unies pour l&#8217;Afrique (CEA), Claver Gatete. \u00abCe r\u00f4le n&#8217;est pas seulement \u00e9conomique&nbsp;: il est politique, institutionnel et symbolique. Et il continuera de s\u2019amplifier\u00bb, a soulign\u00e9 Claver Gatete dans un entretien accord\u00e9 au quotidien \u00abLe Matin\u00bb, publi\u00e9 hier. Il a qualifi\u00e9 de \u00abspectaculaire\u00bb la transformation du Maroc en vingt ans, marqu\u00e9e par une constance dans la vision, une continuit\u00e9 des politiques publiques et un mod\u00e8le fond\u00e9 sur l&#8217;industrialisation, l&#8217;ouverture et l&#8217;int\u00e9gration aux cha\u00eenes de valeur mondiales.<\/p>\n\n\n\n<p>L&#8217;industrie automobile illustre ce mod\u00e8le, avec sa production locale, ses exportations internationales, son d\u00e9veloppement du v\u00e9hicule \u00e9lectrique et sa comp\u00e9titivit\u00e9 mondiale, a relev\u00e9 le secr\u00e9taire ex\u00e9cutif de la CEA.<\/p>\n\n\n\n<p>Revenant sur sa r\u00e9cente visite officielle au Maroc dans le cadre des pr\u00e9paratifs de la 58<sup>\u00e8me<\/sup> session de la Conf\u00e9rence des Ministres africains des finances de la CEA (\u00abCOM58\u00bb), pr\u00e9vue du 28 mars au 3 avril 2026 \u00e0 Tanger, le haut responsable a rappel\u00e9 que les discussions avec les responsables marocains ont port\u00e9 sur plusieurs sujets li\u00e9s notamment aux infrastructures, \u00e0 la logistique et \u00e0 l&#8217;int\u00e9gration des syst\u00e8mes de transport. Dans ce sillage, il a fait savoir que le port Tanger Med, qui relie l&#8217;Afrique \u00e0 l&#8217;Europe et aux grandes routes commerciales mondiales, a occup\u00e9 une place centrale dans ces discussions, avec un focus sur la fluidit\u00e9 des \u00e9changes, la tra\u00e7abilit\u00e9 des flux et la r\u00e9silience des cha\u00eenes logistiques face aux crises.<\/p>\n\n\n\n<p>Par ailleurs, Claver Gatete a soulign\u00e9 que le Maroc dispose d&#8217;atouts strat\u00e9giques majeurs, dont les ressources naturelles, la ma\u00eetrise technologique, des champions industriels comme le Groupe OCP, une expertise dans les cha\u00eenes de valeur agricoles et industrielles, une vision claire sur la transition \u00e9nerg\u00e9tique. Il a, \u00e0 cet \u00e9gard, cit\u00e9 l&#8217;exemple des phosphates dont le Royaume poss\u00e8de l&#8217;une des plus grandes r\u00e9serves mondiales.<\/p>\n\n\n\n<p>\u00abIl ne s&#8217;agit plus seulement d&#8217;exporter une ressource brute, mais de produire de la valeur ajout\u00e9e, de transformer, d&#8217;industrialiser, de monter dans la cha\u00eene de production mondiale. C&#8217;est exactement cela, la transformation \u00e9conomique\u00bb, a ajout\u00e9 dit le Secr\u00e9taire ex\u00e9cutif de la CEA.<\/p>\n\n\n\n<p>En mati\u00e8re d&#8217;\u00e9nergie, le haut responsable a salu\u00e9 les choix structurants du Maroc (solaire, \u00e9olien et autres \u00e9nergies renouvelables) qui anticipent la transition \u00e9nerg\u00e9tique et s&#8217;inscrivent pleinement dans l&#8217;agenda africain de transformation structurelle.<\/p>\n","protected":false},"excerpt":{"rendered":"<p>Le Maroc, un pays qui incarne la stabilit\u00e9, la cr\u00e9dibilit\u00e9 \u00e9conomique et la capacit\u00e9 de projection strat\u00e9gique, joue un r\u00f4le \u00abstructurant\u00bb sur le continent africain. C\u2019est ce que d\u00e9clare le Secr\u00e9taire ex\u00e9cutif de la Commission \u00e9conomique des Nations Unies pour l&#8217;Afrique (CEA), Claver Gatete. \u00abCe r\u00f4le n&#8217;est pas seulement \u00e9conomique&nbsp;: il est politique, institutionnel et &hellip;<\/p>\n","protected":false},"author":9,"featured_media":41960,"comment_status":"open","ping_status":"closed","sticky":false,"template":"","format":"standard","meta":{"footnotes":""},"categories":[41],"tags":[],"class_list":["post-41972","post","type-post","status-publish","format-standard","has-post-thumbnail","hentry","category-leadership"],"_links":{"self":[{"href":"https:\/\/letempsmag.ma\/index.php?rest_route=\/wp\/v2\/posts\/41972","targetHints":{"allow":["GET"]}}],"collection":[{"href":"https:\/\/letempsmag.ma\/index.php?rest_route=\/wp\/v2\/posts"}],"about":[{"href":"https:\/\/letempsmag.ma\/index.php?rest_route=\/wp\/v2\/types\/post"}],"author":[{"embeddable":true,"href":"https:\/\/letempsmag.ma\/index.php?rest_route=\/wp\/v2\/users\/9"}],"replies":[{"embeddable":true,"href":"https:\/\/letempsmag.ma\/index.php?rest_route=%2Fwp%2Fv2%2Fcomments&post=41972"}],"version-history":[{"count":1,"href":"https:\/\/letempsmag.ma\/index.php?rest_route=\/wp\/v2\/posts\/41972\/revisions"}],"predecessor-version":[{"id":41973,"href":"https:\/\/letempsmag.ma\/index.php?rest_route=\/wp\/v2\/posts\/41972\/revisions\/41973"}],"wp:featuredmedia":[{"embeddable":true,"href":"https:\/\/letempsmag.ma\/index.php?rest_route=\/wp\/v2\/media\/41960"}],"wp:attachment":[{"href":"https:\/\/letempsmag.ma\/index.php?rest_route=%2Fwp%2Fv2%2Fmedia&parent=41972"}],"wp:term":[{"taxonomy":"category","embeddable":true,"href":"https:\/\/letempsmag.ma\/index.php?rest_route=%2Fwp%2Fv2%2Fcategories&post=41972"},{"taxonomy":"post_tag","embeddable":true,"href":"https:\/\/letempsmag.ma\/index.php?rest_route=%2Fwp%2Fv2%2Ftags&post=41972"}],"curies":[{"name":"wp","href":"https:\/\/api.w.org\/{rel}","templated":true}]}}