{"id":41964,"date":"2026-01-28T11:34:30","date_gmt":"2026-01-28T10:34:30","guid":{"rendered":"https:\/\/letempsmag.ma\/?p=41964"},"modified":"2026-01-28T11:34:31","modified_gmt":"2026-01-28T10:34:31","slug":"can-2025-apres-sa-prestation-xxl-le-guerrier-neil-el-aynaoui-dans-le-viseur-du-real-madrid","status":"publish","type":"post","link":"https:\/\/letempsmag.ma\/?p=41964","title":{"rendered":"CAN 2025\u00a0: apr\u00e8s sa prestation XXL, le guerrier Neil El Aynaoui dans le viseur du Real Madrid"},"content":{"rendered":"\n<p>Le Real Madrid vient de jeter son d\u00e9volu sur Neil El Aynaoui, un Lion de l\u2019Atlas qui a attir\u00e9 l\u2019attention de la plan\u00e8te foot durant la derni\u00e8re CAN au Maroc. C\u2019est ce que rapporte le m\u00e9dia international \u00abSky Sports\u00bb. Le milieu marocain a, en effet, marqu\u00e9 les esprits lors de la toute r\u00e9cente Coupe d\u2019Afrique des Nations avec des performances qui n\u2019ont pas \u00e9chapp\u00e9 aux observateurs du mythique club espagnol. Il a endoss\u00e9 le maillot rouge et vert avec une combativit\u00e9 et une fiert\u00e9 qui ont \u00e9mu des millions de Marocains.<\/p>\n\n\n\n<p>Pr\u00e9sents sur place durant la comp\u00e9tition, les recruteurs madril\u00e8nes ont suivi de pr\u00e8s le parcours de Neil El Aynaoui, dont le rendement a \u00e9t\u00e9 jug\u00e9 particuli\u00e8rement convaincant. \u00c0 la suite de leurs observations, le fils du c\u00e9l\u00e8bre tennisman marocain Youn\u00e8s El Aynaoui a \u00e9t\u00e9 int\u00e9gr\u00e9 \u00e0 une liste restreinte de profils suivis par la direction sportive de la \u00abMaison Blanche\u00bb.<\/p>\n\n\n\n<p>Le Real Madrid compte d\u00e9sormais poursuivre l\u2019\u00e9valuation de Neil El Aynaoui jusqu\u2019au terme de la saison qu\u2019il dispute actuellement avec l\u2019AS Roma, avant de se positionner plus concr\u00e8tement. Des contacts pr\u00e9liminaires auraient d\u00e9j\u00e0 \u00e9t\u00e9 \u00e9tablis avec l\u2019entourage du joueur, sans toutefois entrer dans une phase de n\u00e9gociations formelles.<\/p>\n\n\n\n<p>Recrut\u00e9 l\u2019\u00e9t\u00e9 dernier en provenance du club fran\u00e7ais RC Lens, Younes El Aynaoui n\u2019a pas encore b\u00e9n\u00e9fici\u00e9 d\u2019un temps de jeu r\u00e9gulier \u00e0 Rome. Il a n\u00e9anmoins disput\u00e9 18 rencontres, toutes comp\u00e9titions confondues.<\/p>\n\n\n\n<p>Le guerrier Neil ne cache pas son enthousiasme. S\u00e9duit par l\u2019int\u00e9r\u00eat madril\u00e8ne, il ferait du Real Madrid sa destination privil\u00e9gi\u00e9e en cas de proposition officielle, notamment \u00e0 l\u2019approche du prochain march\u00e9 estival. Un dossier donc ouvert. Car, m\u00eame si le Real Madrid avance avec prudence, le nom de Neil El Aynaoui figure d\u00e9sormais parmi les pistes s\u00e9rieuses suivies par le g\u00e9ant espagnol. Peut-\u00eatre verra-t-on bient\u00f4t deux Lions de l\u2019Atlas sur la ligne d\u2019attaque du Real Madrid entre Neil El Aynaoui et un certain\u2026 Brahim Diaz&nbsp;!<\/p>\n","protected":false},"excerpt":{"rendered":"<p>Le Real Madrid vient de jeter son d\u00e9volu sur Neil El Aynaoui, un Lion de l\u2019Atlas qui a attir\u00e9 l\u2019attention de la plan\u00e8te foot durant la derni\u00e8re CAN au Maroc. C\u2019est ce que rapporte le m\u00e9dia international \u00abSky Sports\u00bb. Le milieu marocain a, en effet, marqu\u00e9 les esprits lors de la toute r\u00e9cente Coupe d\u2019Afrique &hellip;<\/p>\n","protected":false},"author":9,"featured_media":41959,"comment_status":"open","ping_status":"closed","sticky":false,"template":"","format":"standard","meta":{"footnotes":""},"categories":[50],"tags":[],"class_list":["post-41964","post","type-post","status-publish","format-standard","has-post-thumbnail","hentry","category-football"],"_links":{"self":[{"href":"https:\/\/letempsmag.ma\/index.php?rest_route=\/wp\/v2\/posts\/41964","targetHints":{"allow":["GET"]}}],"collection":[{"href":"https:\/\/letempsmag.ma\/index.php?rest_route=\/wp\/v2\/posts"}],"about":[{"href":"https:\/\/letempsmag.ma\/index.php?rest_route=\/wp\/v2\/types\/post"}],"author":[{"embeddable":true,"href":"https:\/\/letempsmag.ma\/index.php?rest_route=\/wp\/v2\/users\/9"}],"replies":[{"embeddable":true,"href":"https:\/\/letempsmag.ma\/index.php?rest_route=%2Fwp%2Fv2%2Fcomments&post=41964"}],"version-history":[{"count":1,"href":"https:\/\/letempsmag.ma\/index.php?rest_route=\/wp\/v2\/posts\/41964\/revisions"}],"predecessor-version":[{"id":41965,"href":"https:\/\/letempsmag.ma\/index.php?rest_route=\/wp\/v2\/posts\/41964\/revisions\/41965"}],"wp:featuredmedia":[{"embeddable":true,"href":"https:\/\/letempsmag.ma\/index.php?rest_route=\/wp\/v2\/media\/41959"}],"wp:attachment":[{"href":"https:\/\/letempsmag.ma\/index.php?rest_route=%2Fwp%2Fv2%2Fmedia&parent=41964"}],"wp:term":[{"taxonomy":"category","embeddable":true,"href":"https:\/\/letempsmag.ma\/index.php?rest_route=%2Fwp%2Fv2%2Fcategories&post=41964"},{"taxonomy":"post_tag","embeddable":true,"href":"https:\/\/letempsmag.ma\/index.php?rest_route=%2Fwp%2Fv2%2Ftags&post=41964"}],"curies":[{"name":"wp","href":"https:\/\/api.w.org\/{rel}","templated":true}]}}