{"id":41956,"date":"2026-01-27T09:02:33","date_gmt":"2026-01-27T08:02:33","guid":{"rendered":"https:\/\/letempsmag.ma\/?p=41956"},"modified":"2026-01-27T09:02:33","modified_gmt":"2026-01-27T08:02:33","slug":"le-maroc-et-le-senegal-signent-plusieurs-accords-multisectoriels","status":"publish","type":"post","link":"https:\/\/letempsmag.ma\/?p=41956","title":{"rendered":"Le Maroc et le S\u00e9n\u00e9gal signent plusieurs accords multisectoriels"},"content":{"rendered":"\n<p>Le Maroc et le S\u00e9n\u00e9gal ont sign\u00e9, hier \u00e0 Rabat, plusieurs accords de coop\u00e9ration et de partenariat, m\u00e9morandums d&#8217;entente et protocoles d&#8217;accord \u00e0 l\u2019occasion de la tenue de la 15<sup>\u00e8me<\/sup> Grande Commission Mixte de Coop\u00e9ration Maroc-S\u00e9n\u00e9gal, co-pr\u00e9sid\u00e9e par le Chef du Gouvernement, Aziz Akhannouch, et le Premier ministre s\u00e9n\u00e9galais, Ousmane Sonko.<\/p>\n\n\n\n<p>Dans ce sens, le Ministre des Affaires \u00e9trang\u00e8res, de la Coop\u00e9ration africaine et des Marocains r\u00e9sidant \u00e0 l\u2019\u00e9tranger, Nasser Bourita, et le Ministre de l\u2019Int\u00e9gration africaine, des Affaires \u00e9trang\u00e8res et des S\u00e9n\u00e9galais de l\u2019Ext\u00e9rieur, Cheikh Niang, ont proc\u00e9d\u00e9 \u00e0 la signature du communiqu\u00e9 conjoint sanctionnant les travaux de cette 15<sup>\u00e8me<\/sup> session de la Grande Commission Mixte de Coop\u00e9ration maroco-s\u00e9n\u00e9galaise.<\/p>\n\n\n\n<p>Les deux Ministres ont \u00e9galement sign\u00e9 un m\u00e9morandum d\u2019entente relatif \u00e0 la mise en place d\u2019un m\u00e9canisme de consultations consulaires, un projet de m\u00e9morandum d&#8217;entente dans le domaine de la jeunesse, un protocole d\u2019application de l\u2019accord relatif aux transports internationaux routiers de voyageurs et de marchandises, une convention de coop\u00e9ration dans le domaine de la s\u00e9curit\u00e9 routi\u00e8re et une convention-cadre en mati\u00e8re d\u2019assistance technique dans le domaine des autoroutes.<\/p>\n\n\n\n<p>Un protocole d&#8217;accord sur la coop\u00e9ration dans le domaine de l&#8217;\u00e9conomie num\u00e9rique a \u00e9galement \u00e9t\u00e9 sign\u00e9 par Nasser Bourita et Cheikh Niang, en plus d&#8217;un m\u00e9morandum d\u2019entente dans le domaine des infrastructures, d&#8217;une convention-cadre de coop\u00e9ration dans le domaine de la formation professionnelle et d&#8217;un accord-cadre relatif aux bourses d&#8217;\u00e9tudes, de stages et de partage d&#8217;expertises.<\/p>\n\n\n\n<p>Dans le domaine de l\u2019enseignement Sup\u00e9rieur, le ministre de l\u2019enseignement sup\u00e9rieur, de la Recherche scientifique et de l\u2019Innovation, Azzedine El Midaoui et son homologue s\u00e9n\u00e9galais, Daouda Ngom, ont proc\u00e9d\u00e9 \u00e0 la signature du Programme d\u2019application dans le domaine de l\u2019enseignement sup\u00e9rieur pour la p\u00e9riode 2026-2028.<\/p>\n\n\n\n<p>De son c\u00f4t\u00e9, le Ministre de l\u2019Industrie et du Commerce, Ryad Mezzour, et le Ministre s\u00e9n\u00e9galais de l&#8217;Industrie et du Commerce, Serigne Gueye Diop, ont sign\u00e9 un m\u00e9morandum d&#8217;entente en mati\u00e8re de d\u00e9veloppement des Petites et Moyennes Entreprises, un accord de coop\u00e9ration dans le domaine des infrastructures industrielles et un protocole d\u2019accord en mati\u00e8re de normalisation.<\/p>\n\n\n\n<p>Pour sa part, le Ministre de l&#8217;Agriculture, de la P\u00eache maritime, du D\u00e9veloppement rural et des Eaux et For\u00eats, Ahmed El Bouari, et le Ministre s\u00e9n\u00e9galais de l\u2019Agriculture, de la Souverainet\u00e9 alimentaire et de l\u2019\u00c9levage, Mabouba Diagne, ont sign\u00e9 un accord de coop\u00e9ration dans le domaine agricole, un accord de coop\u00e9ration dans le domaine des fili\u00e8res animales, de la sant\u00e9 animale et de la s\u00e9curit\u00e9 sanitaire des aliments. Ahmed El Bouari a aussi proc\u00e9d\u00e9 \u00e0 la signature avec le Ministre s\u00e9n\u00e9galais de l\u2019\u00c9conomie du Plan et de la Coop\u00e9ration, Abdourahmane Sarr, d&#8217;un accord de coop\u00e9ration dans le domaine de contr\u00f4le sanitaire des produits de la p\u00eache et de l\u2019aquaculture.<\/p>\n\n\n\n<p>Dans le domaine des ports, un accord de partenariat et de coop\u00e9ration entre l\u2019Agence Nationale des Ports (ANP) et le Port Autonome de Dakar (PAD) a \u00e9t\u00e9 sign\u00e9 par le Directeur G\u00e9n\u00e9ral de l&#8217;ANP, Mustapha Fares, et le Directeur G\u00e9n\u00e9ral du PAD, Waly Diouf Bodian.<\/p>\n\n\n\n<p>\u00c0 noter que le Proc\u00e8s-Verbal des travaux de cette 15<sup>\u00e8me<\/sup> Grande Commission Mixte de Coop\u00e9ration Maroc-S\u00e9n\u00e9gal a \u00e9t\u00e9 sign\u00e9 par le Chef du Gouvernement, Aziz Akhannouch, et le Premier ministre s\u00e9n\u00e9galais, Ousmane Sonko.<\/p>\n","protected":false},"excerpt":{"rendered":"<p>Le Maroc et le S\u00e9n\u00e9gal ont sign\u00e9, hier \u00e0 Rabat, plusieurs accords de coop\u00e9ration et de partenariat, m\u00e9morandums d&#8217;entente et protocoles d&#8217;accord \u00e0 l\u2019occasion de la tenue de la 15\u00e8me Grande Commission Mixte de Coop\u00e9ration Maroc-S\u00e9n\u00e9gal, co-pr\u00e9sid\u00e9e par le Chef du Gouvernement, Aziz Akhannouch, et le Premier ministre s\u00e9n\u00e9galais, Ousmane Sonko. Dans ce sens, le &hellip;<\/p>\n","protected":false},"author":9,"featured_media":41944,"comment_status":"open","ping_status":"closed","sticky":false,"template":"","format":"standard","meta":{"footnotes":""},"categories":[203],"tags":[],"class_list":["post-41956","post","type-post","status-publish","format-standard","has-post-thumbnail","hentry","category-cooperation"],"_links":{"self":[{"href":"https:\/\/letempsmag.ma\/index.php?rest_route=\/wp\/v2\/posts\/41956","targetHints":{"allow":["GET"]}}],"collection":[{"href":"https:\/\/letempsmag.ma\/index.php?rest_route=\/wp\/v2\/posts"}],"about":[{"href":"https:\/\/letempsmag.ma\/index.php?rest_route=\/wp\/v2\/types\/post"}],"author":[{"embeddable":true,"href":"https:\/\/letempsmag.ma\/index.php?rest_route=\/wp\/v2\/users\/9"}],"replies":[{"embeddable":true,"href":"https:\/\/letempsmag.ma\/index.php?rest_route=%2Fwp%2Fv2%2Fcomments&post=41956"}],"version-history":[{"count":1,"href":"https:\/\/letempsmag.ma\/index.php?rest_route=\/wp\/v2\/posts\/41956\/revisions"}],"predecessor-version":[{"id":41957,"href":"https:\/\/letempsmag.ma\/index.php?rest_route=\/wp\/v2\/posts\/41956\/revisions\/41957"}],"wp:featuredmedia":[{"embeddable":true,"href":"https:\/\/letempsmag.ma\/index.php?rest_route=\/wp\/v2\/media\/41944"}],"wp:attachment":[{"href":"https:\/\/letempsmag.ma\/index.php?rest_route=%2Fwp%2Fv2%2Fmedia&parent=41956"}],"wp:term":[{"taxonomy":"category","embeddable":true,"href":"https:\/\/letempsmag.ma\/index.php?rest_route=%2Fwp%2Fv2%2Fcategories&post=41956"},{"taxonomy":"post_tag","embeddable":true,"href":"https:\/\/letempsmag.ma\/index.php?rest_route=%2Fwp%2Fv2%2Ftags&post=41956"}],"curies":[{"name":"wp","href":"https:\/\/api.w.org\/{rel}","templated":true}]}}