{"id":41954,"date":"2026-01-27T09:01:38","date_gmt":"2026-01-27T08:01:38","guid":{"rendered":"https:\/\/letempsmag.ma\/?p=41954"},"modified":"2026-01-27T09:01:38","modified_gmt":"2026-01-27T08:01:38","slug":"le-club-des-avocats-du-maroc-envisage-une-saisine-contre-le-president-de-la-federation-senegalaise-de-football","status":"publish","type":"post","link":"https:\/\/letempsmag.ma\/?p=41954","title":{"rendered":"Le Club des Avocats du Maroc envisage une saisine contre le Pr\u00e9sident de la F\u00e9d\u00e9ration S\u00e9n\u00e9galaise de Football"},"content":{"rendered":"\n<p>Le Club des Avocats au Maroc a vivement r\u00e9agi aux r\u00e9centes d\u00e9clarations du Pr\u00e9sident de la F\u00e9d\u00e9ration S\u00e9n\u00e9galaise de Football, Abdoulaye Fall (photo), qui a accus\u00e9 le Royaume de manipuler les instances du football africain. Dans un communiqu\u00e9 au ton ferme, l\u2019organisation fustige des propos jug\u00e9s attentatoires \u00e0 l\u2019int\u00e9grit\u00e9 des institutions sportives et annonce son intention de saisir les organes disciplinaires de la FIFA et de la CAF.<\/p>\n\n\n\n<p>Dans le communiqu\u00e9, le Club des Avocats au Maroc exprime sa \u00abvive r\u00e9probation\u00bb face \u00e0 des d\u00e9clarations qu\u2019il qualifie d\u2019\u00abinfamantes\u00bb. Il estime que le dirigeant sportif s\u00e9n\u00e9galais a d\u00e9pass\u00e9 le cadre du d\u00e9bat sportif en accusant le Maroc de \u00abmanipuler la CAF\u00bb et d\u2019exercer une influence occulte sur le football continental, franchissant ainsi, selon le texte, \u00able seuil de la critique sportive\u00bb pour s\u2019engager sur celui de la calomnie institutionnelle. La mise en cause de l\u2019\u00e9quit\u00e9 proc\u00e9durale de la CAF est \u00e9galement pr\u00e9sent\u00e9e comme une atteinte directe \u00e0 l\u2019int\u00e9grit\u00e9 de l\u2019institution.<\/p>\n\n\n\n<p>Le Club des Avocats conteste fermement la cr\u00e9dibilit\u00e9 de ces accusations, soulignant leur absence totale de fondement. Le communiqu\u00e9 \u00e9voque des all\u00e9gations \u00abd\u00e9pourvues de toute substance probatoire\u00bb, qui porteraient atteinte \u00e0 l\u2019honneur des instances sportives marocaines et africaines. Le texte estime par ailleurs que cette rh\u00e9torique, m\u00ealant insinuation et diffamation, viserait \u00e0 masquer des \u00abcarences structurelles\u00bb et une \u00abfaillite organisationnelle\u00bb, au d\u00e9triment de la coh\u00e9sion du football africain.<\/p>\n\n\n\n<p>Sur le plan normatif, le communiqu\u00e9 rappelle que ces propos ne rel\u00e8vent pas d\u2019une simple opinion sportive. Le Club des Avocats au Maroc y voit une violation manifeste des principes fondamentaux de la FIFA et de la CAF, notamment les obligations de neutralit\u00e9, de loyaut\u00e9 et d\u2019int\u00e9grit\u00e9 pr\u00e9vues par les Articles 14, 15 et 16 du Code d\u2019\u00c9thique de la FIFA, ainsi que par l\u2019Article 82 du Code Disciplinaire de la CAF. Accuser sans preuve une nation et une conf\u00e9d\u00e9ration de manipulation constituerait, selon le texte, un manquement caract\u00e9ris\u00e9 \u00e0 ces devoirs.<\/p>\n\n\n\n<p>Le Club des Avocats qualifie juridiquement les faits reproch\u00e9s, les assimilant \u00e0 des actes de diffamation et de comportement offensant. Le communiqu\u00e9 cite l\u2019Article 23 du Code d\u2019\u00c9thique de la FIFA et l\u2019Article 131 du Code Disciplinaire de la CAF, qui sanctionnent toute atteinte d\u00e9lib\u00e9r\u00e9e \u00e0 l\u2019image du sport et \u00e0 l\u2019honneur des institutions, avec \u00e0 la cl\u00e9 des amendes et des interdictions d\u2019activit\u00e9 pouvant s\u2019\u00e9tendre sur plusieurs ann\u00e9es.<\/p>\n\n\n\n<p>Sur cette base, l\u2019organisation annonce son intention d\u2019activer les m\u00e9canismes disciplinaires pr\u00e9vus par les r\u00e8glements. Elle indique vouloir saisir les instances comp\u00e9tentes en s\u2019appuyant sur l\u2019Article 60 du Code d\u2019\u00c9thique de la FIFA et l\u2019Article 43 du Code Disciplinaire de la CAF, qui permettent \u00e0 toute personne ou autorit\u00e9 de signaler des comportements jug\u00e9s contraires aux r\u00e8gles. Une telle saisine peut conduire \u00e0 l\u2019ouverture d\u2019une enqu\u00eate pr\u00e9liminaire par les chambres d\u2019instruction.<\/p>\n\n\n\n<p>Enfin, le Club des Avocats du Maroc r\u00e9affirme sa position de principe, estimant qu\u2019aucune frustration sportive ne saurait justifier des sorties m\u00e9diatiques jug\u00e9es irresponsables. Il soutient, \u00e0 cet \u00e9gard, que la dignit\u00e9 du football marocain ne peut \u00eatre remise en cause au prix de man\u0153uvres populistes, au risque de fragiliser la fraternit\u00e9 africaine.<\/p>\n","protected":false},"excerpt":{"rendered":"<p>Le Club des Avocats au Maroc a vivement r\u00e9agi aux r\u00e9centes d\u00e9clarations du Pr\u00e9sident de la F\u00e9d\u00e9ration S\u00e9n\u00e9galaise de Football, Abdoulaye Fall (photo), qui a accus\u00e9 le Royaume de manipuler les instances du football africain. Dans un communiqu\u00e9 au ton ferme, l\u2019organisation fustige des propos jug\u00e9s attentatoires \u00e0 l\u2019int\u00e9grit\u00e9 des institutions sportives et annonce son &hellip;<\/p>\n","protected":false},"author":9,"featured_media":41942,"comment_status":"open","ping_status":"closed","sticky":false,"template":"","format":"standard","meta":{"footnotes":""},"categories":[1080],"tags":[],"class_list":["post-41954","post","type-post","status-publish","format-standard","has-post-thumbnail","hentry","category-droit"],"_links":{"self":[{"href":"https:\/\/letempsmag.ma\/index.php?rest_route=\/wp\/v2\/posts\/41954","targetHints":{"allow":["GET"]}}],"collection":[{"href":"https:\/\/letempsmag.ma\/index.php?rest_route=\/wp\/v2\/posts"}],"about":[{"href":"https:\/\/letempsmag.ma\/index.php?rest_route=\/wp\/v2\/types\/post"}],"author":[{"embeddable":true,"href":"https:\/\/letempsmag.ma\/index.php?rest_route=\/wp\/v2\/users\/9"}],"replies":[{"embeddable":true,"href":"https:\/\/letempsmag.ma\/index.php?rest_route=%2Fwp%2Fv2%2Fcomments&post=41954"}],"version-history":[{"count":1,"href":"https:\/\/letempsmag.ma\/index.php?rest_route=\/wp\/v2\/posts\/41954\/revisions"}],"predecessor-version":[{"id":41955,"href":"https:\/\/letempsmag.ma\/index.php?rest_route=\/wp\/v2\/posts\/41954\/revisions\/41955"}],"wp:featuredmedia":[{"embeddable":true,"href":"https:\/\/letempsmag.ma\/index.php?rest_route=\/wp\/v2\/media\/41942"}],"wp:attachment":[{"href":"https:\/\/letempsmag.ma\/index.php?rest_route=%2Fwp%2Fv2%2Fmedia&parent=41954"}],"wp:term":[{"taxonomy":"category","embeddable":true,"href":"https:\/\/letempsmag.ma\/index.php?rest_route=%2Fwp%2Fv2%2Fcategories&post=41954"},{"taxonomy":"post_tag","embeddable":true,"href":"https:\/\/letempsmag.ma\/index.php?rest_route=%2Fwp%2Fv2%2Ftags&post=41954"}],"curies":[{"name":"wp","href":"https:\/\/api.w.org\/{rel}","templated":true}]}}