{"id":41952,"date":"2026-01-27T09:00:09","date_gmt":"2026-01-27T08:00:09","guid":{"rendered":"https:\/\/letempsmag.ma\/?p=41952"},"modified":"2026-01-27T09:00:09","modified_gmt":"2026-01-27T08:00:09","slug":"les-iles-canaries-et-souss-massa-renforcent-leur-cooperation","status":"publish","type":"post","link":"https:\/\/letempsmag.ma\/?p=41952","title":{"rendered":"Les \u00celes Canaries et Souss-Massa renforcent leur coop\u00e9ration"},"content":{"rendered":"\n<p>Le Pr\u00e9sident du gouvernement des \u00celes Canaries, Fernando Clavijo Batlle, a entam\u00e9 hier une visite de deux jours dans la r\u00e9gion Souss-Massa ax\u00e9e sur le renforcement de la coop\u00e9ration entre les deux parties. Ce d\u00e9placement s\u2019inscrit dans une dynamique de renforcement des relations de coop\u00e9ration entre la r\u00e9gion Souss-Massa et les \u00celes Canaries, fond\u00e9e sur la proximit\u00e9 g\u00e9ographique, les compl\u00e9mentarit\u00e9s \u00e9conomiques et une vision commune du d\u00e9veloppement durable et int\u00e9gr\u00e9 de l\u2019espace atlantique.<\/p>\n\n\n\n<p>\u00c0 cette occasion, la d\u00e9l\u00e9gation de haut niveau du gouvernement des \u00celes Canaries a \u00e9t\u00e9 re\u00e7ue \u00e0 Agadir par le Wali de la r\u00e9gion Souss-Massa et Gouverneur de la pr\u00e9fecture d\u2019Agadir Ida-Outanane, Said Amzazi, accompagn\u00e9 du Pr\u00e9sident du Conseil de la r\u00e9gion Souss-Massa, Karim Achengli, en pr\u00e9sence notamment de l&#8217;Ambassadeur d\u2019Espagne \u00e0 Rabat, ainsi que du Consul G\u00e9n\u00e9ral d\u2019Espagne \u00e0 Agadir et de plusieurs acteurs institutionnels, chefs d\u2019entreprises et experts espagnols.<\/p>\n\n\n\n<p>Said Amzazi a soulign\u00e9 la solidit\u00e9 des relations privil\u00e9gi\u00e9es unissant le Royaume du Maroc et le Royaume d\u2019Espagne, en tant que partenaires strat\u00e9giques sur les plans commercial et \u00e9conomique. Il a \u00e9galement mis en avant les opportunit\u00e9s prometteuses de coop\u00e9ration entre la r\u00e9gion Souss-Massa et les \u00celes Canaries, notamment dans les domaines de l\u2019investissement, de la recherche scientifique, de l\u2019innovation, de la formation, de l\u2019\u00e9conomie bleue et des activit\u00e9s portuaires, contribuant ainsi au renforcement de l\u2019int\u00e9gration \u00e9conomique et \u00e0 la cr\u00e9ation d\u2019une valeur ajout\u00e9e partag\u00e9e au b\u00e9n\u00e9fice des deux parties.<\/p>\n\n\n\n<p>Karim Achengli a indiqu\u00e9, pour sa part, que cette visite intervient dans le cadre du renforcement des liens de coop\u00e9ration et de partenariat liant la r\u00e9gion Souss-Massa et les \u00celes Canaries, notant que les deux parties sont d\u00e9termin\u00e9es \u00e0 promouvoir leurs relations bilat\u00e9rales dans les diff\u00e9rents domaines.<\/p>\n\n\n\n<p>Pour sa part, Fernando Clavijo Batlle d\u00e9clar\u00e9&nbsp;: \u00abNous \u00e9voluons dans le m\u00eame espace g\u00e9ographique et nous partageons des probl\u00e9matiques et des pr\u00e9occupations communes, et que le travail engag\u00e9 aujourd\u2019hui, ax\u00e9 sur l\u2019\u00e9change des savoirs, le partage des exp\u00e9riences entre les entreprises et la cr\u00e9ation d\u2019un espace propice au progr\u00e8s et \u00e0 la prosp\u00e9rit\u00e9, b\u00e9n\u00e9ficie \u00e0 l\u2019ensemble de cette r\u00e9gion\u00bb.<\/p>\n\n\n\n<p>La rencontre a \u00e9t\u00e9 couronn\u00e9e par la signature d\u2019un m\u00e9morandum d\u2019entente entre la r\u00e9gion Souss-Massa et le gouvernement des \u00celes Canaries, ainsi que la conclusion de conventions de coop\u00e9ration entre des acteurs \u00e9conomiques des deux parties.<\/p>\n","protected":false},"excerpt":{"rendered":"<p>Le Pr\u00e9sident du gouvernement des \u00celes Canaries, Fernando Clavijo Batlle, a entam\u00e9 hier une visite de deux jours dans la r\u00e9gion Souss-Massa ax\u00e9e sur le renforcement de la coop\u00e9ration entre les deux parties. Ce d\u00e9placement s\u2019inscrit dans une dynamique de renforcement des relations de coop\u00e9ration entre la r\u00e9gion Souss-Massa et les \u00celes Canaries, fond\u00e9e sur &hellip;<\/p>\n","protected":false},"author":9,"featured_media":41943,"comment_status":"open","ping_status":"closed","sticky":false,"template":"","format":"standard","meta":{"footnotes":""},"categories":[118],"tags":[],"class_list":["post-41952","post","type-post","status-publish","format-standard","has-post-thumbnail","hentry","category-diplomatie"],"_links":{"self":[{"href":"https:\/\/letempsmag.ma\/index.php?rest_route=\/wp\/v2\/posts\/41952","targetHints":{"allow":["GET"]}}],"collection":[{"href":"https:\/\/letempsmag.ma\/index.php?rest_route=\/wp\/v2\/posts"}],"about":[{"href":"https:\/\/letempsmag.ma\/index.php?rest_route=\/wp\/v2\/types\/post"}],"author":[{"embeddable":true,"href":"https:\/\/letempsmag.ma\/index.php?rest_route=\/wp\/v2\/users\/9"}],"replies":[{"embeddable":true,"href":"https:\/\/letempsmag.ma\/index.php?rest_route=%2Fwp%2Fv2%2Fcomments&post=41952"}],"version-history":[{"count":1,"href":"https:\/\/letempsmag.ma\/index.php?rest_route=\/wp\/v2\/posts\/41952\/revisions"}],"predecessor-version":[{"id":41953,"href":"https:\/\/letempsmag.ma\/index.php?rest_route=\/wp\/v2\/posts\/41952\/revisions\/41953"}],"wp:featuredmedia":[{"embeddable":true,"href":"https:\/\/letempsmag.ma\/index.php?rest_route=\/wp\/v2\/media\/41943"}],"wp:attachment":[{"href":"https:\/\/letempsmag.ma\/index.php?rest_route=%2Fwp%2Fv2%2Fmedia&parent=41952"}],"wp:term":[{"taxonomy":"category","embeddable":true,"href":"https:\/\/letempsmag.ma\/index.php?rest_route=%2Fwp%2Fv2%2Fcategories&post=41952"},{"taxonomy":"post_tag","embeddable":true,"href":"https:\/\/letempsmag.ma\/index.php?rest_route=%2Fwp%2Fv2%2Ftags&post=41952"}],"curies":[{"name":"wp","href":"https:\/\/api.w.org\/{rel}","templated":true}]}}