{"id":41950,"date":"2026-01-27T08:59:11","date_gmt":"2026-01-27T07:59:11","guid":{"rendered":"https:\/\/letempsmag.ma\/?p=41950"},"modified":"2026-01-27T08:59:11","modified_gmt":"2026-01-27T07:59:11","slug":"rabat-abrite-un-congres-sur-la-pedagogie-des-sciences-de-la-sante-a-lere-de-lia","status":"publish","type":"post","link":"https:\/\/letempsmag.ma\/?p=41950","title":{"rendered":"Rabat abrite un congr\u00e8s sur la p\u00e9dagogie des sciences de la sant\u00e9 \u00e0 l\u2019\u00e8re de l\u2019IA"},"content":{"rendered":"\n<p>Le Centre Mohammed VI de P\u00e9dagogie Appliqu\u00e9e aux Sciences de la Sant\u00e9 (CM6PASS), relevant de la Fondation Mohammed VI des Sciences et de la Sant\u00e9 (FM6SS), organise les 26 et 27 janvier courant \u00e0 Rabat le 1er Congr\u00e8s de P\u00e9dagogie du CM6PASS, sous le th\u00e8me \u00abP\u00e9dagogie des Sciences de la Sant\u00e9 \u00e0 l\u2019\u00e8re de l\u2019Intelligence Artificielle&nbsp;: Pratiques et enjeux\u00bb. Cet \u00e9v\u00e9nement majeur ambitionne de constituer un espace de r\u00e9flexion et de partage r\u00e9unissant formateurs, chercheurs, enseignants universitaires et professionnels de sant\u00e9 autour des mutations profondes que conna\u00eet l\u2019enseignement des sciences de la sant\u00e9.<\/p>\n\n\n\n<p>Dans ce contexte, le congr\u00e8s mettra en lumi\u00e8re le r\u00f4le de l\u2019Intelligence Artificielle dans les pratiques p\u00e9dagogiques, la recherche acad\u00e9mique et la formation clinique. Les d\u00e9bats porteront notamment sur l\u2019int\u00e9gration de l\u2019IA dans le m\u00e9tier d\u2019enseignant-formateur, ses opportunit\u00e9s en mati\u00e8re d\u2019apprentissage, ainsi que les enjeux \u00e9thiques et les risques associ\u00e9s \u00e0 son utilisation.<\/p>\n\n\n\n<p><strong><em>Des th\u00e9matiques essentielles<\/em><\/strong><\/p>\n\n\n\n<p>Des conf\u00e9rences pl\u00e9ni\u00e8res anim\u00e9es par des experts de renomm\u00e9e internationale, issus notamment de l\u2019Universit\u00e9 Claude Bernard Lyon, de l\u2019Universit\u00e9 de Montr\u00e9al et de l\u2019Universit\u00e9 d\u2019Aix-Marseille, permettront d\u2019aborder des th\u00e9matiques-cl\u00e9s telles que la formation des professionnels de sant\u00e9 \u00e0 l\u2019\u00e8re num\u00e9rique, l\u2019apprentissage clinique dans des environnements technologiques innovants et l\u2019int\u00e9gration pr\u00e9coce de la p\u00e9dagogie m\u00e9dicale dans les cursus universitaires.<\/p>\n\n\n\n<p>Le programme du congr\u00e8s accorde une place centrale aux p\u00e9dagogies actives et exp\u00e9rientielles, \u00e0 travers de nombreux ateliers interactifs portant sur l\u2019usage de l\u2019IA dans les m\u00e9tiers de la sant\u00e9, les outils d\u2019apprentissage actif tels que le \u00abJeopardy\u00bb p\u00e9dagogique, la simulation m\u00e9dicale et la communication en milieu clinique, l\u2019apprentissage interprofessionnel, le d\u00e9veloppement des comp\u00e9tences psychosociales, ainsi que les nouvelles m\u00e9thodes d\u2019\u00e9valuation et de raisonnement clinique.<\/p>\n\n\n\n<p>Des sessions de communications orales mettront \u00e9galement en valeur des projets p\u00e9dagogiques innovants men\u00e9s par les participants au Dipl\u00f4me Universitaire de P\u00e9dagogie, en tant qu\u2019\u00e9valuation de leur formation en p\u00e9dagogie des sciences de la sant\u00e9. Cela illustrera l\u2019engagement des enseignants laur\u00e9ats de la premi\u00e8re promotion du DUPASS1 dans l\u2019am\u00e9lioration continue des pratiques p\u00e9dagogiques.<\/p>\n\n\n\n<p>En r\u00e9unissant des intervenants nationaux et internationaux, ce congr\u00e8s se veut un espace de partage d\u2019expertise visant \u00e0 renforcer la collaboration entre les institutions de formation, \u00e0 anticiper les comp\u00e9tences de demain et \u00e0 contribuer \u00e0 la formation de professionnels de sant\u00e9 comp\u00e9tents, responsables et humanistes.<\/p>\n\n\n\n<p>Le congr\u00e8s se cl\u00f4turera par la remise des dipl\u00f4mes de la premi\u00e8re promotion du Dipl\u00f4me Universitaire de P\u00e9dagogie Appliqu\u00e9e aux sciences de la Sant\u00e9, une formation de r\u00e9f\u00e9rence s\u2019appuyant sur l\u2019expertise d\u2019un r\u00e9seau d\u2019intervenants de renom, incluant des experts nationaux et internationaux.<\/p>\n","protected":false},"excerpt":{"rendered":"<p>Le Centre Mohammed VI de P\u00e9dagogie Appliqu\u00e9e aux Sciences de la Sant\u00e9 (CM6PASS), relevant de la Fondation Mohammed VI des Sciences et de la Sant\u00e9 (FM6SS), organise les 26 et 27 janvier courant \u00e0 Rabat le 1er Congr\u00e8s de P\u00e9dagogie du CM6PASS, sous le th\u00e8me \u00abP\u00e9dagogie des Sciences de la Sant\u00e9 \u00e0 l\u2019\u00e8re de l\u2019Intelligence &hellip;<\/p>\n","protected":false},"author":9,"featured_media":41945,"comment_status":"open","ping_status":"closed","sticky":false,"template":"","format":"standard","meta":{"footnotes":""},"categories":[492],"tags":[],"class_list":["post-41950","post","type-post","status-publish","format-standard","has-post-thumbnail","hentry","category-forum"],"_links":{"self":[{"href":"https:\/\/letempsmag.ma\/index.php?rest_route=\/wp\/v2\/posts\/41950","targetHints":{"allow":["GET"]}}],"collection":[{"href":"https:\/\/letempsmag.ma\/index.php?rest_route=\/wp\/v2\/posts"}],"about":[{"href":"https:\/\/letempsmag.ma\/index.php?rest_route=\/wp\/v2\/types\/post"}],"author":[{"embeddable":true,"href":"https:\/\/letempsmag.ma\/index.php?rest_route=\/wp\/v2\/users\/9"}],"replies":[{"embeddable":true,"href":"https:\/\/letempsmag.ma\/index.php?rest_route=%2Fwp%2Fv2%2Fcomments&post=41950"}],"version-history":[{"count":1,"href":"https:\/\/letempsmag.ma\/index.php?rest_route=\/wp\/v2\/posts\/41950\/revisions"}],"predecessor-version":[{"id":41951,"href":"https:\/\/letempsmag.ma\/index.php?rest_route=\/wp\/v2\/posts\/41950\/revisions\/41951"}],"wp:featuredmedia":[{"embeddable":true,"href":"https:\/\/letempsmag.ma\/index.php?rest_route=\/wp\/v2\/media\/41945"}],"wp:attachment":[{"href":"https:\/\/letempsmag.ma\/index.php?rest_route=%2Fwp%2Fv2%2Fmedia&parent=41950"}],"wp:term":[{"taxonomy":"category","embeddable":true,"href":"https:\/\/letempsmag.ma\/index.php?rest_route=%2Fwp%2Fv2%2Fcategories&post=41950"},{"taxonomy":"post_tag","embeddable":true,"href":"https:\/\/letempsmag.ma\/index.php?rest_route=%2Fwp%2Fv2%2Ftags&post=41950"}],"curies":[{"name":"wp","href":"https:\/\/api.w.org\/{rel}","templated":true}]}}