{"id":41932,"date":"2026-01-26T09:25:32","date_gmt":"2026-01-26T08:25:32","guid":{"rendered":"https:\/\/letempsmag.ma\/?p=41932"},"modified":"2026-01-26T09:25:32","modified_gmt":"2026-01-26T08:25:32","slug":"foot-drums-fait-vibrer-casablanca-sous-le-signe-des-rythmes-du-monde","status":"publish","type":"post","link":"https:\/\/letempsmag.ma\/?p=41932","title":{"rendered":"Foot &amp; Drums fait vibrer Casablanca sous le signe des \u00abRythmes du Monde\u00bb"},"content":{"rendered":"\n<p>Casablanca a abrit\u00e9, samedi soir au Studio des Arts Vivants, la deuxi\u00e8me soir\u00e9e de la premi\u00e8re \u00e9dition du Festival Foot &amp; Drums (23 au 25 janvier courant), plac\u00e9e sous le signe des \u00abRythmes du Monde\u00bb, en pr\u00e9sence des amateurs et professionnels des arts chor\u00e9graphiques.<\/p>\n\n\n\n<p>La soir\u00e9e s&#8217;est ouverte sur une performance de G\u00e9raldine Margnac, chercheuse et artiste en arts de la sc\u00e8ne, explorant le rythme du pied comme outil de narration et de m\u00e9moire, m\u00ealant gestuelle contemporaine et r\u00e9f\u00e9rences aux danses traditionnelles.<\/p>\n\n\n\n<p>Le public a ensuite appr\u00e9ci\u00e9 une programmation artistique vari\u00e9e r\u00e9unissant des danses marocaines traditionnelles, la danse irlandaise, ainsi qu\u2019un spectacle de flamenco espagnol, pr\u00e9sent\u00e9 par El Patio De Los Poetas Productions. Le flamenco espagnol a aussi altern\u00e9 Palmas, Zapateado et Interplay entre danse et guitare, exprimant intensit\u00e9 rythmique et \u00e9motion.<\/p>\n\n\n\n<p>La troupe amazighe Aoued Assaiss a propos\u00e9 des mouvements collectifs cadenc\u00e9s et un usage expressif des pieds comme percussion, inspir\u00e9s des rituels amazighs.<\/p>\n\n\n\n<p>De son c\u00f4t\u00e9, la troupe de danse irlandaise Irich Danse a pr\u00e9sent\u00e9 des chor\u00e9graphies pr\u00e9cises et dynamiques, mettant en valeur la virtuosit\u00e9 du pied et le rythme collectif.<\/p>\n\n\n\n<p>Younes Laraki, Directeur du Festival, a d\u00e9clar\u00e9&nbsp;: \u00abCette soir\u00e9e des \u00abRythmes du Monde\u00bb refl\u00e8te l\u2019essence m\u00eame de Foot &amp; Drums, en mettant en dialogue des cultures diff\u00e9rentes \u00e0 travers un langage commun fond\u00e9 sur le corps, le rythme et la relation \u00e0 la terre\u00bb.<\/p>\n\n\n\n<p>Organis\u00e9 par Top Event Production, en partenariat avec le minist\u00e8re de la Culture et de la communication-D\u00e9partement Culture, le Conseil de la r\u00e9gion Casablanca-Settat et d&#8217;autres partenaires du secteur priv\u00e9, le festival vise \u00e0 mettre en valeur le rythme du pied en tant que langage universel, instrument de percussion et vecteur de dialogue interculturel.<\/p>\n","protected":false},"excerpt":{"rendered":"<p>Casablanca a abrit\u00e9, samedi soir au Studio des Arts Vivants, la deuxi\u00e8me soir\u00e9e de la premi\u00e8re \u00e9dition du Festival Foot &amp; Drums (23 au 25 janvier courant), plac\u00e9e sous le signe des \u00abRythmes du Monde\u00bb, en pr\u00e9sence des amateurs et professionnels des arts chor\u00e9graphiques. La soir\u00e9e s&#8217;est ouverte sur une performance de G\u00e9raldine Margnac, chercheuse &hellip;<\/p>\n","protected":false},"author":9,"featured_media":41910,"comment_status":"open","ping_status":"closed","sticky":false,"template":"","format":"standard","meta":{"footnotes":""},"categories":[889],"tags":[],"class_list":["post-41932","post","type-post","status-publish","format-standard","has-post-thumbnail","hentry","category-festival"],"_links":{"self":[{"href":"https:\/\/letempsmag.ma\/index.php?rest_route=\/wp\/v2\/posts\/41932","targetHints":{"allow":["GET"]}}],"collection":[{"href":"https:\/\/letempsmag.ma\/index.php?rest_route=\/wp\/v2\/posts"}],"about":[{"href":"https:\/\/letempsmag.ma\/index.php?rest_route=\/wp\/v2\/types\/post"}],"author":[{"embeddable":true,"href":"https:\/\/letempsmag.ma\/index.php?rest_route=\/wp\/v2\/users\/9"}],"replies":[{"embeddable":true,"href":"https:\/\/letempsmag.ma\/index.php?rest_route=%2Fwp%2Fv2%2Fcomments&post=41932"}],"version-history":[{"count":1,"href":"https:\/\/letempsmag.ma\/index.php?rest_route=\/wp\/v2\/posts\/41932\/revisions"}],"predecessor-version":[{"id":41933,"href":"https:\/\/letempsmag.ma\/index.php?rest_route=\/wp\/v2\/posts\/41932\/revisions\/41933"}],"wp:featuredmedia":[{"embeddable":true,"href":"https:\/\/letempsmag.ma\/index.php?rest_route=\/wp\/v2\/media\/41910"}],"wp:attachment":[{"href":"https:\/\/letempsmag.ma\/index.php?rest_route=%2Fwp%2Fv2%2Fmedia&parent=41932"}],"wp:term":[{"taxonomy":"category","embeddable":true,"href":"https:\/\/letempsmag.ma\/index.php?rest_route=%2Fwp%2Fv2%2Fcategories&post=41932"},{"taxonomy":"post_tag","embeddable":true,"href":"https:\/\/letempsmag.ma\/index.php?rest_route=%2Fwp%2Fv2%2Ftags&post=41932"}],"curies":[{"name":"wp","href":"https:\/\/api.w.org\/{rel}","templated":true}]}}