{"id":41926,"date":"2026-01-26T09:20:31","date_gmt":"2026-01-26T08:20:31","guid":{"rendered":"https:\/\/letempsmag.ma\/?p=41926"},"modified":"2026-01-26T09:20:31","modified_gmt":"2026-01-26T08:20:31","slug":"etudes-a-letranger-les-familles-veulent-partir-mieux-au-lieu-de-partir-vite","status":"publish","type":"post","link":"https:\/\/letempsmag.ma\/?p=41926","title":{"rendered":"\u00c9tudes \u00e0 l\u2019\u00e9tranger\u00a0: les familles veulent partir mieux au lieu de partir vite\u00a0!"},"content":{"rendered":"\n<p><strong>Les familles marocaines veulent que leurs enfants partent mieux au lieu de partir vite pour leurs \u00e9tudes \u00e0 l\u2019\u00e9tranger. C\u2019est la conviction de Mohcine Berrada, Pr\u00e9sident-Directeur G\u00e9n\u00e9ral du Groupe L\u2019\u00c9tudiant Marocain. En marge du Forum des \u00c9tudes \u00e0 l\u2019\u00c9tranger 2026, organis\u00e9 le 21 janvier \u00e0 Rabat et les 22 et 23 janvier \u00e0 Casablanca, il a dress\u00e9 pour nous le bilan d\u2019une \u00e9dition marqu\u00e9e par une forte mobilisation du public, la diversit\u00e9 des destinations repr\u00e9sent\u00e9es et l\u2019\u00e9volution structurelle des attentes des familles marocaines en mati\u00e8re de mobilit\u00e9 acad\u00e9mique.<\/strong><\/p>\n\n\n\n<p><strong><em>\u00c0 l\u2019issue des trois journ\u00e9es du Forum, quel bilan dressez-vous de cette \u00e9dition du Forum des \u00c9tudes \u00e0 l\u2019\u00c9tranger&nbsp;?<\/em><\/strong><\/p>\n\n\n\n<p>Le bilan est tr\u00e8s positif. Nous avons accueilli un public nombreux et engag\u00e9, compos\u00e9 de lyc\u00e9ens, d\u2019\u00e9tudiants, de jeunes dipl\u00f4m\u00e9s et de parents venus de diff\u00e9rentes r\u00e9gions du Royaume. Au-del\u00e0 de la fr\u00e9quentation, ce qui m\u2019a le plus marqu\u00e9, c\u2019est la maturit\u00e9 des projets. Les jeunes arrivent aujourd\u2019hui avec des questions pr\u00e9cises et une r\u00e9elle volont\u00e9 de comparer les destinations, les syst\u00e8mes universitaires et les trajectoires de formation. Le Forum a pleinement jou\u00e9 son r\u00f4le d\u2019espace d\u2019orientation et de mise en relation, avec une diversit\u00e9 d\u2019\u00e9tablissements repr\u00e9sentant le Maroc, l\u2019Europe, mais aussi la Chine, la Malaisie, la Turquie, le Royaume-Uni et les \u00c9tats-Unis. Les familles cherchent d\u00e9sormais \u00e0 s\u00e9curiser leurs choix et \u00e0 inscrire les projets d\u2019\u00e9tudes \u00e0 l\u2019international dans une logique de long terme.<\/p>\n\n\n\n<p><strong><em>Quelles ont \u00e9t\u00e9 les formations et fili\u00e8res les plus sollicit\u00e9es par les \u00e9tudiants lors de cette \u00e9dition&nbsp;?<\/em><\/strong><\/p>\n\n\n\n<p>Plusieurs tendances se d\u00e9gagent clairement. En t\u00eate figurent le management, le commerce international, la finance, le marketing et les MBA, mais aussi l\u2019ing\u00e9nierie et les technologies, notamment l\u2019informatique, l\u2019intelligence artificielle, la big data et la cybers\u00e9curit\u00e9. Les sciences de la sant\u00e9 demeurent tr\u00e8s attractives, tout comme l\u2019architecture, le design, le droit et les relations internationales. Nous avons \u00e9galement constat\u00e9 un int\u00e9r\u00eat croissant pour la logistique, l\u2019\u00e9nergie, l\u2019environnement et le d\u00e9veloppement durable, ce qui traduit une prise de conscience des mutations \u00e9conomiques et technologiques actuelles.<\/p>\n\n\n\n<p><strong><em>Les programmes \u00e0 double diplomation et les cursus internationaux ont-ils suscit\u00e9 un int\u00e9r\u00eat particulier&nbsp;?<\/em><\/strong><\/p>\n\n\n\n<p>Oui, tr\u00e8s clairement. Les doubles dipl\u00f4mes, les cursus en anglais et les parcours hybrides Maroc-\u00e9tranger figurent parmi les plus demand\u00e9s. De nombreuses familles souhaitent que leurs enfants commencent leur parcours au Maroc, dans un cadre structur\u00e9, avant de poursuivre \u00e0 l\u2019international, mieux pr\u00e9par\u00e9s sur les plans acad\u00e9mique et personnel. Les formules \u00ab2+2\u00bb, \u00ab3+1\u00bb et les parcours multi-pays s\u00e9duisent parce qu\u2019elles permettent une mobilit\u00e9 progressive, tout en ma\u00eetrisant les co\u00fbts et les risques li\u00e9s \u00e0 un d\u00e9part trop pr\u00e9coce.<\/p>\n\n\n\n<p>Entretien r\u00e9alis\u00e9 par LAIDIA FAHIM<\/p>\n","protected":false},"excerpt":{"rendered":"<p>Les familles marocaines veulent que leurs enfants partent mieux au lieu de partir vite pour leurs \u00e9tudes \u00e0 l\u2019\u00e9tranger. C\u2019est la conviction de Mohcine Berrada, Pr\u00e9sident-Directeur G\u00e9n\u00e9ral du Groupe L\u2019\u00c9tudiant Marocain. En marge du Forum des \u00c9tudes \u00e0 l\u2019\u00c9tranger 2026, organis\u00e9 le 21 janvier \u00e0 Rabat et les 22 et 23 janvier \u00e0 Casablanca, il &hellip;<\/p>\n","protected":false},"author":9,"featured_media":41912,"comment_status":"open","ping_status":"closed","sticky":false,"template":"","format":"standard","meta":{"footnotes":""},"categories":[85],"tags":[],"class_list":["post-41926","post","type-post","status-publish","format-standard","has-post-thumbnail","hentry","category-enseignement"],"_links":{"self":[{"href":"https:\/\/letempsmag.ma\/index.php?rest_route=\/wp\/v2\/posts\/41926","targetHints":{"allow":["GET"]}}],"collection":[{"href":"https:\/\/letempsmag.ma\/index.php?rest_route=\/wp\/v2\/posts"}],"about":[{"href":"https:\/\/letempsmag.ma\/index.php?rest_route=\/wp\/v2\/types\/post"}],"author":[{"embeddable":true,"href":"https:\/\/letempsmag.ma\/index.php?rest_route=\/wp\/v2\/users\/9"}],"replies":[{"embeddable":true,"href":"https:\/\/letempsmag.ma\/index.php?rest_route=%2Fwp%2Fv2%2Fcomments&post=41926"}],"version-history":[{"count":1,"href":"https:\/\/letempsmag.ma\/index.php?rest_route=\/wp\/v2\/posts\/41926\/revisions"}],"predecessor-version":[{"id":41927,"href":"https:\/\/letempsmag.ma\/index.php?rest_route=\/wp\/v2\/posts\/41926\/revisions\/41927"}],"wp:featuredmedia":[{"embeddable":true,"href":"https:\/\/letempsmag.ma\/index.php?rest_route=\/wp\/v2\/media\/41912"}],"wp:attachment":[{"href":"https:\/\/letempsmag.ma\/index.php?rest_route=%2Fwp%2Fv2%2Fmedia&parent=41926"}],"wp:term":[{"taxonomy":"category","embeddable":true,"href":"https:\/\/letempsmag.ma\/index.php?rest_route=%2Fwp%2Fv2%2Fcategories&post=41926"},{"taxonomy":"post_tag","embeddable":true,"href":"https:\/\/letempsmag.ma\/index.php?rest_route=%2Fwp%2Fv2%2Ftags&post=41926"}],"curies":[{"name":"wp","href":"https:\/\/api.w.org\/{rel}","templated":true}]}}