{"id":41899,"date":"2026-01-25T18:23:01","date_gmt":"2026-01-25T17:23:01","guid":{"rendered":"https:\/\/letempsmag.ma\/?p=41899"},"modified":"2026-01-25T18:23:01","modified_gmt":"2026-01-25T17:23:01","slug":"apaisement-et-fierte","status":"publish","type":"post","link":"https:\/\/letempsmag.ma\/?p=41899","title":{"rendered":"APAISEMENT ET FIERT\u00c9"},"content":{"rendered":"\n<p class=\"has-text-align-center\"><strong>Par HASSAN EL ARCH<\/strong><\/p>\n\n\n\n<p class=\"has-text-align-center\"><strong>Directeur de la R\u00e9daction<\/strong><\/p>\n\n\n\n<p class=\"has-text-align-center\"><strong>direction@letempsmag.ma<\/strong><\/p>\n\n\n\n<p>Comme nous le rapportons dans notre rubrique \u00ab\u00c9v\u00e9nement\u00bb de cette \u00e9dition (pages 6 et 7), le Cabinet Royal a publi\u00e9, le 22 janvier dans la soir\u00e9e, un communiqu\u00e9 d\u2019une port\u00e9e consid\u00e9rable aux plans humain, patriotique, politique et social. Une profondeur qui interpelle non seulement l\u2019ensemble des Marocains, mais \u00e9galement la communaut\u00e9 internationale et africaine en particulier.<\/p>\n\n\n\n<p>Le message est plein d\u2019apaisement, dans la foul\u00e9e de la CAN 2025 qui s\u2019est achev\u00e9e le weekend dernier \u00e0 Tanger. Mais il est aussi porteur d\u2019une immense fiert\u00e9 pour tout ce que le Royaume a r\u00e9alis\u00e9 avant et pendant cette comp\u00e9tition footballistique continentale. Apaisement en direction de millions de Marocains, d\u2019ici et d\u2019ailleurs, traumatis\u00e9s par la d\u00e9faite des Lions de l\u2019Atlas au bout de la finale\u2026 Fiert\u00e9 face au bilan impressionnant de cette comp\u00e9tition, en termes de logistique, d\u2019infrastructures, de communications, d\u2019image, d\u2019hospitalit\u00e9 et de rayonnement international.<\/p>\n\n\n\n<p>Par la voix de leurs Pr\u00e9sidents, la CAF et la FIFA ont exprim\u00e9, face aux m\u00e9dias du monde entier, l\u2019exceptionnelle prise en charge par le Royaume de cette 35<sup>\u00e8me<\/sup> \u00e9dition de la Coupe d\u2019Afrique des Nations. Il n\u2019y a que les m\u00e9dias malhonn\u00eates et les supporters \u00aben service command\u00e9\u00bb pour nier ce qui cr\u00e8ve les yeux&nbsp;: le Maroc a organis\u00e9 et r\u00e9ussi la plus belle, la plus spectaculaire, la plus grandiose CAN de toute l\u2019histoire de la Conf\u00e9d\u00e9ration Africaine de Football. Tout simplement.<\/p>\n\n\n\n<p>S.M. le Roi l\u2019a soulign\u00e9 dans le communiqu\u00e9 publi\u00e9 par le Cabinet Royal&nbsp;: \u00abCette \u00e9dition de la comp\u00e9tition continentale fera date, car au-del\u00e0 de ses excellents r\u00e9sultats sportifs, elle aura permis de mesurer le bond qualitatif que le Royaume a r\u00e9alis\u00e9 sur la voie du d\u00e9veloppement et du progr\u00e8s, fruit d\u2019une vision de long terme et d\u2019un mod\u00e8le marocain singulier et performant\u00bb.<\/p>\n\n\n\n<p>Le communiqu\u00e9 souligne&nbsp;: \u00abFace au d\u00e9nigrement et \u00e0 certaines tentatives de discr\u00e9dit subies, Sa Majest\u00e9 le Roi, que Dieu L\u2019assiste, demeure persuad\u00e9 que les desseins hostiles ne parviendront jamais \u00e0 leurs fins, que le peuple marocain sait faire la part des choses et qu\u2019il ne se laissera pas entrainer dans la ranc\u0153ur et la discorde\u00bb.<\/p>\n\n\n\n<p>Les Lions de l\u2019Atlas ont mouill\u00e9 le maillot et honor\u00e9 le drapeau. Nous les remercions du fond du c\u0153ur pour l\u2019intensit\u00e9 de tous ces moments de bonheur qu\u2019ils nous ont fait vivre entre le 21 d\u00e9cembre et le 18 janvier derniers. Dima Dima Maghrib&nbsp;!<\/p>\n","protected":false},"excerpt":{"rendered":"<p>Par HASSAN EL ARCH Directeur de la R\u00e9daction direction@letempsmag.ma Comme nous le rapportons dans notre rubrique \u00ab\u00c9v\u00e9nement\u00bb de cette \u00e9dition (pages 6 et 7), le Cabinet Royal a publi\u00e9, le 22 janvier dans la soir\u00e9e, un communiqu\u00e9 d\u2019une port\u00e9e consid\u00e9rable aux plans humain, patriotique, politique et social. Une profondeur qui interpelle non seulement l\u2019ensemble des &hellip;<\/p>\n","protected":false},"author":9,"featured_media":30319,"comment_status":"open","ping_status":"closed","sticky":false,"template":"","format":"standard","meta":{"footnotes":""},"categories":[44],"tags":[],"class_list":["post-41899","post","type-post","status-publish","format-standard","has-post-thumbnail","hentry","category-edito"],"_links":{"self":[{"href":"https:\/\/letempsmag.ma\/index.php?rest_route=\/wp\/v2\/posts\/41899","targetHints":{"allow":["GET"]}}],"collection":[{"href":"https:\/\/letempsmag.ma\/index.php?rest_route=\/wp\/v2\/posts"}],"about":[{"href":"https:\/\/letempsmag.ma\/index.php?rest_route=\/wp\/v2\/types\/post"}],"author":[{"embeddable":true,"href":"https:\/\/letempsmag.ma\/index.php?rest_route=\/wp\/v2\/users\/9"}],"replies":[{"embeddable":true,"href":"https:\/\/letempsmag.ma\/index.php?rest_route=%2Fwp%2Fv2%2Fcomments&post=41899"}],"version-history":[{"count":1,"href":"https:\/\/letempsmag.ma\/index.php?rest_route=\/wp\/v2\/posts\/41899\/revisions"}],"predecessor-version":[{"id":41900,"href":"https:\/\/letempsmag.ma\/index.php?rest_route=\/wp\/v2\/posts\/41899\/revisions\/41900"}],"wp:featuredmedia":[{"embeddable":true,"href":"https:\/\/letempsmag.ma\/index.php?rest_route=\/wp\/v2\/media\/30319"}],"wp:attachment":[{"href":"https:\/\/letempsmag.ma\/index.php?rest_route=%2Fwp%2Fv2%2Fmedia&parent=41899"}],"wp:term":[{"taxonomy":"category","embeddable":true,"href":"https:\/\/letempsmag.ma\/index.php?rest_route=%2Fwp%2Fv2%2Fcategories&post=41899"},{"taxonomy":"post_tag","embeddable":true,"href":"https:\/\/letempsmag.ma\/index.php?rest_route=%2Fwp%2Fv2%2Ftags&post=41899"}],"curies":[{"name":"wp","href":"https:\/\/api.w.org\/{rel}","templated":true}]}}