{"id":41354,"date":"2026-01-07T08:14:10","date_gmt":"2026-01-07T07:14:10","guid":{"rendered":"https:\/\/letempsmag.ma\/?p=41354"},"modified":"2026-01-07T08:14:10","modified_gmt":"2026-01-07T07:14:10","slug":"pres-de-34-millions-deleves-beneficiaires-de-la-bourse-de-la-rentree-scolaire","status":"publish","type":"post","link":"https:\/\/letempsmag.ma\/?p=41354","title":{"rendered":"Pr\u00e8s de 3,4 millions d\u2019\u00e9l\u00e8ves b\u00e9n\u00e9ficiaires de la bourse de la rentr\u00e9e scolaire"},"content":{"rendered":"\n<p>Le nombre des b\u00e9n\u00e9ficiaires de la bourse de la rentr\u00e9e scolaire s&#8217;\u00e9l\u00e8ve \u00e0 pr\u00e8s de 3,4 millions, dont plus de 1.934.000 en milieu rural (60%), soit une hausse de 19% par rapport \u00e0 l&#8217;ann\u00e9e pr\u00e9c\u00e9dente, a indiqu\u00e9, hier \u00e0 la Chambre des Conseillers, le Ministre de l\u2019\u00c9ducation nationale, du Pr\u00e9scolaire et des Sports, Mohamed Saad Berrada.<\/p>\n\n\n\n<p>Dans une r\u00e9ponse \u00e0 une question orale sur \u00able renforcement des programmes de soutien social destin\u00e9s aux enfants scolaris\u00e9s\u00bb, le Ministre a soulign\u00e9 que ce soutien constitue un pilier essentiel pour renforcer la scolarisation et lutter contre la d\u00e9perdition scolaire, notamment en milieu rural. Ce soutien, a-t-il poursuivi, s&#8217;est largement \u00e9largi au cours de l\u2019ann\u00e9e scolaire 2025-2026, \u00e0 travers l\u2019int\u00e9gration des allocations familiales et de la bourse de la rentr\u00e9e scolaire, en vue de garantir l\u2019\u00e9galit\u00e9 des chances et d\u2019encourager les familles \u00e0 maintenir la scolarisation de leurs enfants.<\/p>\n\n\n\n<p>Le nombre d\u2019\u00e9l\u00e8ves b\u00e9n\u00e9ficiant du transport scolaire a atteint, au cours de cette ann\u00e9e, environ 700.000, dont pr\u00e8s de 600.000 en milieu rural, soit une augmentation de 4% par rapport \u00e0 l\u2019ann\u00e9e pr\u00e9c\u00e9dente, a-t-il fait savoir. Et d&#8217;ajouter que pr\u00e8s de 217.000 \u00e9l\u00e8ves b\u00e9n\u00e9ficient des services des internats scolaires, dont 163.000 en milieu rural, soit une hausse de 8%, tandis que le nombre des b\u00e9n\u00e9ficiaires des services de restauration scolaire s\u2019est \u00e9lev\u00e9 \u00e0 75.000, dont 69.000 en milieu rural, en augmentation de 4%.<\/p>\n","protected":false},"excerpt":{"rendered":"<p>Le nombre des b\u00e9n\u00e9ficiaires de la bourse de la rentr\u00e9e scolaire s&#8217;\u00e9l\u00e8ve \u00e0 pr\u00e8s de 3,4 millions, dont plus de 1.934.000 en milieu rural (60%), soit une hausse de 19% par rapport \u00e0 l&#8217;ann\u00e9e pr\u00e9c\u00e9dente, a indiqu\u00e9, hier \u00e0 la Chambre des Conseillers, le Ministre de l\u2019\u00c9ducation nationale, du Pr\u00e9scolaire et des Sports, Mohamed Saad &hellip;<\/p>\n","protected":false},"author":9,"featured_media":41334,"comment_status":"open","ping_status":"closed","sticky":false,"template":"","format":"standard","meta":{"footnotes":""},"categories":[85],"tags":[],"class_list":["post-41354","post","type-post","status-publish","format-standard","has-post-thumbnail","hentry","category-enseignement"],"_links":{"self":[{"href":"https:\/\/letempsmag.ma\/index.php?rest_route=\/wp\/v2\/posts\/41354","targetHints":{"allow":["GET"]}}],"collection":[{"href":"https:\/\/letempsmag.ma\/index.php?rest_route=\/wp\/v2\/posts"}],"about":[{"href":"https:\/\/letempsmag.ma\/index.php?rest_route=\/wp\/v2\/types\/post"}],"author":[{"embeddable":true,"href":"https:\/\/letempsmag.ma\/index.php?rest_route=\/wp\/v2\/users\/9"}],"replies":[{"embeddable":true,"href":"https:\/\/letempsmag.ma\/index.php?rest_route=%2Fwp%2Fv2%2Fcomments&post=41354"}],"version-history":[{"count":1,"href":"https:\/\/letempsmag.ma\/index.php?rest_route=\/wp\/v2\/posts\/41354\/revisions"}],"predecessor-version":[{"id":41355,"href":"https:\/\/letempsmag.ma\/index.php?rest_route=\/wp\/v2\/posts\/41354\/revisions\/41355"}],"wp:featuredmedia":[{"embeddable":true,"href":"https:\/\/letempsmag.ma\/index.php?rest_route=\/wp\/v2\/media\/41334"}],"wp:attachment":[{"href":"https:\/\/letempsmag.ma\/index.php?rest_route=%2Fwp%2Fv2%2Fmedia&parent=41354"}],"wp:term":[{"taxonomy":"category","embeddable":true,"href":"https:\/\/letempsmag.ma\/index.php?rest_route=%2Fwp%2Fv2%2Fcategories&post=41354"},{"taxonomy":"post_tag","embeddable":true,"href":"https:\/\/letempsmag.ma\/index.php?rest_route=%2Fwp%2Fv2%2Ftags&post=41354"}],"curies":[{"name":"wp","href":"https:\/\/api.w.org\/{rel}","templated":true}]}}